{"id":49,"date":"2013-03-19T15:46:45","date_gmt":"2013-03-19T13:46:45","guid":{"rendered":"http:\/\/www.existenzgruender-jungunternehmer.de\/p\/blog\/?p=49"},"modified":"2019-02-25T16:36:19","modified_gmt":"2019-02-25T14:36:19","slug":"existenzgruender-erst-verlacht-dann-bekaempft-dann-anerkannt","status":"publish","type":"post","link":"https:\/\/www.existenzgruender-jungunternehmer.de\/p\/blog\/blog-post\/2013\/03\/19\/existenzgruender-erst-verlacht-dann-bekaempft-dann-anerkannt.html","title":{"rendered":"Existenzgr\u00fcnder: Erst verlacht, dann bek\u00e4mpft, dann anerkannt"},"content":{"rendered":"<p>Wer <a class=\"external-link-new-window\" href=\"http:\/\/www.omnisophie.com\/\">Gunter Dueck<\/a> nicht kennt, der stutzt erst einmal. Soll das jetzt der Hauptredner des Abends sein? Ein Mathematiker, der wie zuf\u00e4llig auf die B\u00fchne schlendert und mit leiser Stimme Geschichten aus seinem Arbeitsleben erz\u00e4hlt?<\/p>\n<p>Wer Gunter Dueck\u00a0schon einmal gesehen hat, der wei\u00df: Der fr\u00fchere IBM-Innovations-Chef ist kein Trampeltier, kein schreiender Alleswisser, die man auf Deutschlands Podien und TV-Shows immer wieder findet. Daf\u00fcr ist der Heidelberger Philosoph, Schriftsteller und Unternehmensstratege viel zu feingeistig.<\/p>\n<p>Austeilen kann Gunter Dueck trotzdem gut. Besonders gegen alle, die neue Ideen verhindern. Und davon gibt es in Deutschland ziemlich viele.<\/p>\n<p>&#8222;<a class=\"external-link-new-window\" href=\"http:\/\/www.campus.de\/sachbuch\/wirtschaft\/Das+Neue+und+seine+Feinde.101458.html\">Das Neue und seine Feinde<\/a>&#8220; hei\u00dft das neue Buch von Gunter Dueck. Am Montagabend hat er es in K\u00f6ln vorgestellt. Eingeladen hatte ihn der K\u00f6lner Inkubator und Gr\u00fcnder-Supporter <a class=\"external-link-new-window\" href=\"http:\/\/www.startplatz.de\/\">STARTPLATZ<\/a>. Rund 250 Unternehmer und Technikinteressierte h\u00f6rten zu, wie der etwas andere &#8222;Guru&#8220; die g\u00e4ngigen Gr\u00fcnder-Vorstellungen auf den Kopf stellte.<\/p>\n<ul>\n<li><b><a href=\"https:\/\/www.existenzgruender-jungunternehmer.de\/p\/gruendung\/businessplan.html\">Beispiel Businessplan<\/a>:<\/b> Den Businessplan nennt Gunter Dueck &#8222;die erzwungene L\u00fcge f\u00fcr die Bank&#8220;. Man solle einfach die \u00fcbliche Gewinnanstiegs-Kurve aus\u00a0 den B\u00fcchern abmalen, um einen Kredit zu bekommen. Mit der Realit\u00e4t habe das wenig zu tun. Denn niemand wei\u00df, ob eine Gesch\u00e4ftsidee wirklich z\u00fcndet. Das findet man nur in der Praxis heraus.<\/li>\n<\/ul>\n<ul>\n<li><b>Beispiel Stress:<\/b> Vor der Startphase sind alle Gr\u00fcnder euphorisch. Sie planen, entwerfen, arbeiten an ihrer Gesch\u00e4ftsidee. Aber am &#8222;Tag X&#8220;, wenn die Idee auf die Welt losgelassen wird, beginnt der &#8222;Tornado&#8220;. 100 Prozent Stress, arbeiten, hinterfragen ohne Ende. Mit einem ungewissen Ausgang. Jetzt zeigt sich, wer wirklich Durchhaltewillen hat.<\/li>\n<\/ul>\n<ul>\n<li><b>Beispiel Anerkennung:<\/b> Jeder Gr\u00fcnder will, dass seine Idee von den Kunden angenommen wird. Aber so ist es in der Realit\u00e4t leider nicht, sagt Gunter Dueck und zitiert Schopenhauer: &#8222;Jede neue Idee durchl\u00e4uft drei Entwicklungsstufen: In der ersten wird sie belacht, in der zweiten bek\u00e4mpft, in der dritten ist sie selbstverst\u00e4ndlich.&#8220; Viele Gr\u00fcnder ertragen es nicht, jahrelang verlacht zu werden. Man braucht eben auch ein dickes Fell.<\/li>\n<\/ul>\n<ul>\n<li><b><a href=\"https:\/\/www.existenzgruender-jungunternehmer.de\/p\/gruendung\/kunden-gewinnen.html\">Beispiel Kunden<\/a>:<\/b> Es bringt nichts, seine Gesch\u00e4ftsidee nur seinen Freunden und Freundesfreunden vorzuf\u00fchren. So bleibt man in seiner kleinen Blase. \u00dcberall Schulterklopfer, die einen nicht weiterbringen. Die entscheidende Frage ist: Kauft &#8222;da drau\u00dfen&#8220; auch Otto-Normal-Mensch das Produkt oder die Dienstleistung? Die Menschen sind gem\u00fctlich. Sie wollen, dass ein Produkt einfach funktioniert. Sie interessieren sich nicht daf\u00fcr, wie viel Entwicklungsarbeit ein Gr\u00fcnder in seine Idee gesteckt hat.<\/li>\n<\/ul>\n<p>In seinem Buch beschreibt Gunter Dueck, wie Innovationen in Unternehmen konsequent verhindert werden. Wie eine Krankheit, die vom K\u00f6rper bek\u00e4mpft wird. Viele Unternehmen haben Angst vor neuen Ideen, weil die Folgen unkalkulierbar sind. Vielleicht arbeitet man ein Jahr dran und es kommt nur Mist raus. Wer tr\u00e4gt dann die Verantwortung? Besser alles bleibt beim Alten. Da wei\u00df man, woran man ist.<\/p>\n<p>Wie die Unternehmen, so die Gesellschaft. Mein Eindruck ist: Existenzgr\u00fcnder werden hierzulande h\u00e4ufig bel\u00e4chelt, wenn nicht gar bemitleidenswert angeschaut. &#8222;Der hat es nicht geschafft, einen festen Job zu bekommen&#8220;, denken manche dann. Siehe Schopenhauer.<\/p>\n<p>Andere finden es unheimlich bis verwirrend, dass es tats\u00e4chlich Menschen gibt, die nicht mehr als Festangestellte arbeiten wollen. Weil sie eine gute Idee haben. Weil sie ihre Freiheit lieben und brauchen, um diese Idee umzusetzen. Deutschland kann mit seinen Gr\u00fcndern nicht viel anfangen, weil es Angst vor neuen Ideen hat.<\/p>\n<p>Jeder Existenzgr\u00fcnder sollte schauen, dass er sich neu vernetzt. Dass man sich mit Menschen umgibt, die einen unterst\u00fctzen und weiterbringen. Und wenn man sich umschaut, findet man viele Menschen, die l\u00e4ngst ausgebrochen sind aus der Routine. Die zu neuen Ufern aufbrechen und sich dar\u00fcber austauschen, sei es in Inkubatoren, in Betah\u00e4usern, auf Netzwerk-Veranstaltungen. Zum Beispiel am gestrigen Abend in K\u00f6ln.<\/p>\n<p><a class=\"external-link-new-window\" href=\"http:\/\/www.youtube.com\/watch?v=woA4R3KrACg\">Gunter Dueck auf der Republica 2011: Das Internet als Gesellschaftsbetriebssystem<\/a><\/p>\n","protected":false},"excerpt":{"rendered":"<p>Wer Gunter Dueck nicht kennt, der stutzt erst einmal. Soll das jetzt der Hauptredner des Abends sein? Ein Mathematiker, der wie zuf\u00e4llig auf die B\u00fchne schlendert und mit leiser Stimme Geschichten aus seinem Arbeitsleben erz\u00e4hlt? Wer Gunter Dueck\u00a0schon einmal gesehen hat, der wei\u00df: Der fr\u00fchere IBM-Innovations-Chef ist kein Trampeltier, kein schreiender Alleswisser, die man auf&hellip;<\/p>\n","protected":false},"author":1,"featured_media":0,"comment_status":"open","ping_status":"open","sticky":false,"template":"","format":"standard","meta":{"footnotes":""},"categories":[11],"tags":[50,44,49,48],"class_list":["post-49","post","type-post","status-publish","format-standard","hentry","category-weiterbildung","tag-anerkennung","tag-businessplan","tag-gruender","tag-innovation","comments-closed","has-comments"],"yoast_head":"<!-- This site is optimized with the Yoast SEO plugin v27.4 - https:\/\/yoast.com\/product\/yoast-seo-wordpress\/ -->\n<title>Existenzgr\u00fcnder: Erst verlacht, dann bek\u00e4mpft, dann anerkannt - Gr\u00fcnderblog<\/title>\n<meta name=\"robots\" content=\"index, follow, max-snippet:-1, max-image-preview:large, max-video-preview:-1\" \/>\n<link rel=\"canonical\" href=\"https:\/\/www.existenzgruender-jungunternehmer.de\/p\/blog\/blog-post\/2013\/03\/19\/existenzgruender-erst-verlacht-dann-bekaempft-dann-anerkannt.html\" \/>\n<meta property=\"og:locale\" content=\"de_DE\" \/>\n<meta property=\"og:type\" content=\"article\" \/>\n<meta property=\"og:title\" content=\"Existenzgr\u00fcnder: Erst verlacht, dann bek\u00e4mpft, dann anerkannt - Gr\u00fcnderblog\" \/>\n<meta property=\"og:description\" content=\"Wer Gunter Dueck nicht kennt, der stutzt erst einmal. Soll das jetzt der Hauptredner des Abends sein? Ein Mathematiker, der wie zuf\u00e4llig auf die B\u00fchne schlendert und mit leiser Stimme Geschichten aus seinem Arbeitsleben erz\u00e4hlt? Wer Gunter Dueck\u00a0schon einmal gesehen hat, der wei\u00df: Der fr\u00fchere IBM-Innovations-Chef ist kein Trampeltier, kein schreiender Alleswisser, die man auf&hellip;\" \/>\n<meta property=\"og:url\" content=\"https:\/\/www.existenzgruender-jungunternehmer.de\/p\/blog\/blog-post\/2013\/03\/19\/existenzgruender-erst-verlacht-dann-bekaempft-dann-anerkannt.html\" \/>\n<meta property=\"og:site_name\" content=\"Gr\u00fcnderblog\" \/>\n<meta property=\"article:publisher\" content=\"https:\/\/www.facebook.com\/existenzgruenderjungunternehmer\" \/>\n<meta property=\"article:author\" content=\"https:\/\/www.facebook.com\/existenzgruenderjungunternehmer\" \/>\n<meta property=\"article:published_time\" content=\"2013-03-19T13:46:45+00:00\" \/>\n<meta property=\"article:modified_time\" content=\"2019-02-25T14:36:19+00:00\" \/>\n<meta name=\"author\" content=\"Fabian Jaeckert\" \/>\n<meta name=\"twitter:label1\" content=\"Verfasst von\" \/>\n\t<meta name=\"twitter:data1\" content=\"Fabian Jaeckert\" \/>\n\t<meta name=\"twitter:label2\" content=\"Gesch\u00e4tzte Lesezeit\" \/>\n\t<meta name=\"twitter:data2\" content=\"3\u00a0Minuten\" \/>\n<script type=\"application\/ld+json\" class=\"yoast-schema-graph\">{\"@context\":\"https:\\\/\\\/schema.org\",\"@graph\":[{\"@type\":\"Article\",\"@id\":\"https:\\\/\\\/www.existenzgruender-jungunternehmer.de\\\/p\\\/blog\\\/blog-post\\\/2013\\\/03\\\/19\\\/existenzgruender-erst-verlacht-dann-bekaempft-dann-anerkannt.html#article\",\"isPartOf\":{\"@id\":\"https:\\\/\\\/www.existenzgruender-jungunternehmer.de\\\/p\\\/blog\\\/blog-post\\\/2013\\\/03\\\/19\\\/existenzgruender-erst-verlacht-dann-bekaempft-dann-anerkannt.html\"},\"author\":{\"name\":\"Fabian Jaeckert\",\"@id\":\"https:\\\/\\\/www.existenzgruender-jungunternehmer.de\\\/p\\\/blog\\\/#\\\/schema\\\/person\\\/959f8e5186a271a906712ce914b89129\"},\"headline\":\"Existenzgr\u00fcnder: Erst verlacht, dann bek\u00e4mpft, dann anerkannt\",\"datePublished\":\"2013-03-19T13:46:45+00:00\",\"dateModified\":\"2019-02-25T14:36:19+00:00\",\"mainEntityOfPage\":{\"@id\":\"https:\\\/\\\/www.existenzgruender-jungunternehmer.de\\\/p\\\/blog\\\/blog-post\\\/2013\\\/03\\\/19\\\/existenzgruender-erst-verlacht-dann-bekaempft-dann-anerkannt.html\"},\"wordCount\":643,\"commentCount\":1,\"publisher\":{\"@id\":\"https:\\\/\\\/www.existenzgruender-jungunternehmer.de\\\/p\\\/blog\\\/#organization\"},\"keywords\":[\"Anerkennung\",\"Businessplan\",\"Gr\u00fcnder\",\"Innovation\"],\"articleSection\":[\"Weiterbildung\"],\"inLanguage\":\"de\",\"potentialAction\":[{\"@type\":\"CommentAction\",\"name\":\"Comment\",\"target\":[\"https:\\\/\\\/www.existenzgruender-jungunternehmer.de\\\/p\\\/blog\\\/blog-post\\\/2013\\\/03\\\/19\\\/existenzgruender-erst-verlacht-dann-bekaempft-dann-anerkannt.html#respond\"]}]},{\"@type\":\"WebPage\",\"@id\":\"https:\\\/\\\/www.existenzgruender-jungunternehmer.de\\\/p\\\/blog\\\/blog-post\\\/2013\\\/03\\\/19\\\/existenzgruender-erst-verlacht-dann-bekaempft-dann-anerkannt.html\",\"url\":\"https:\\\/\\\/www.existenzgruender-jungunternehmer.de\\\/p\\\/blog\\\/blog-post\\\/2013\\\/03\\\/19\\\/existenzgruender-erst-verlacht-dann-bekaempft-dann-anerkannt.html\",\"name\":\"Existenzgr\u00fcnder: Erst verlacht, dann bek\u00e4mpft, dann anerkannt - Gr\u00fcnderblog\",\"isPartOf\":{\"@id\":\"https:\\\/\\\/www.existenzgruender-jungunternehmer.de\\\/p\\\/blog\\\/#website\"},\"datePublished\":\"2013-03-19T13:46:45+00:00\",\"dateModified\":\"2019-02-25T14:36:19+00:00\",\"breadcrumb\":{\"@id\":\"https:\\\/\\\/www.existenzgruender-jungunternehmer.de\\\/p\\\/blog\\\/blog-post\\\/2013\\\/03\\\/19\\\/existenzgruender-erst-verlacht-dann-bekaempft-dann-anerkannt.html#breadcrumb\"},\"inLanguage\":\"de\",\"potentialAction\":[{\"@type\":\"ReadAction\",\"target\":[\"https:\\\/\\\/www.existenzgruender-jungunternehmer.de\\\/p\\\/blog\\\/blog-post\\\/2013\\\/03\\\/19\\\/existenzgruender-erst-verlacht-dann-bekaempft-dann-anerkannt.html\"]}]},{\"@type\":\"BreadcrumbList\",\"@id\":\"https:\\\/\\\/www.existenzgruender-jungunternehmer.de\\\/p\\\/blog\\\/blog-post\\\/2013\\\/03\\\/19\\\/existenzgruender-erst-verlacht-dann-bekaempft-dann-anerkannt.html#breadcrumb\",\"itemListElement\":[{\"@type\":\"ListItem\",\"position\":1,\"name\":\"Startseite\",\"item\":\"https:\\\/\\\/www.existenzgruender-jungunternehmer.de\\\/p\\\/blog\"},{\"@type\":\"ListItem\",\"position\":2,\"name\":\"Existenzgr\u00fcnder: Erst verlacht, dann bek\u00e4mpft, dann anerkannt\"}]},{\"@type\":\"WebSite\",\"@id\":\"https:\\\/\\\/www.existenzgruender-jungunternehmer.de\\\/p\\\/blog\\\/#website\",\"url\":\"https:\\\/\\\/www.existenzgruender-jungunternehmer.de\\\/p\\\/blog\\\/\",\"name\":\"Gr\u00fcnderblog\",\"description\":\"Aktuelles und Interviews aus der Welt der Gr\u00fcnder.\",\"publisher\":{\"@id\":\"https:\\\/\\\/www.existenzgruender-jungunternehmer.de\\\/p\\\/blog\\\/#organization\"},\"potentialAction\":[{\"@type\":\"SearchAction\",\"target\":{\"@type\":\"EntryPoint\",\"urlTemplate\":\"https:\\\/\\\/www.existenzgruender-jungunternehmer.de\\\/p\\\/blog\\\/?s={search_term_string}\"},\"query-input\":{\"@type\":\"PropertyValueSpecification\",\"valueRequired\":true,\"valueName\":\"search_term_string\"}}],\"inLanguage\":\"de\"},{\"@type\":\"Organization\",\"@id\":\"https:\\\/\\\/www.existenzgruender-jungunternehmer.de\\\/p\\\/blog\\\/#organization\",\"name\":\"Gr\u00fcnderblog\",\"url\":\"https:\\\/\\\/www.existenzgruender-jungunternehmer.de\\\/p\\\/blog\\\/\",\"logo\":{\"@type\":\"ImageObject\",\"inLanguage\":\"de\",\"@id\":\"https:\\\/\\\/www.existenzgruender-jungunternehmer.de\\\/p\\\/blog\\\/#\\\/schema\\\/logo\\\/image\\\/\",\"url\":\"https:\\\/\\\/www.existenzgruender-jungunternehmer.de\\\/p\\\/blog\\\/wp-content\\\/uploads\\\/2019\\\/01\\\/cropped-logo-1.png\",\"contentUrl\":\"https:\\\/\\\/www.existenzgruender-jungunternehmer.de\\\/p\\\/blog\\\/wp-content\\\/uploads\\\/2019\\\/01\\\/cropped-logo-1.png\",\"width\":2862,\"height\":492,\"caption\":\"Gr\u00fcnderblog\"},\"image\":{\"@id\":\"https:\\\/\\\/www.existenzgruender-jungunternehmer.de\\\/p\\\/blog\\\/#\\\/schema\\\/logo\\\/image\\\/\"},\"sameAs\":[\"https:\\\/\\\/www.facebook.com\\\/existenzgruenderjungunternehmer\"]},{\"@type\":\"Person\",\"@id\":\"https:\\\/\\\/www.existenzgruender-jungunternehmer.de\\\/p\\\/blog\\\/#\\\/schema\\\/person\\\/959f8e5186a271a906712ce914b89129\",\"name\":\"Fabian Jaeckert\",\"image\":{\"@type\":\"ImageObject\",\"inLanguage\":\"de\",\"@id\":\"https:\\\/\\\/secure.gravatar.com\\\/avatar\\\/a68ac8c5ad1d3250a24d44b9e9d09e6d972afd57a8bf9a79f509a6870e55965a?s=96&d=mm&r=g\",\"url\":\"https:\\\/\\\/secure.gravatar.com\\\/avatar\\\/a68ac8c5ad1d3250a24d44b9e9d09e6d972afd57a8bf9a79f509a6870e55965a?s=96&d=mm&r=g\",\"contentUrl\":\"https:\\\/\\\/secure.gravatar.com\\\/avatar\\\/a68ac8c5ad1d3250a24d44b9e9d09e6d972afd57a8bf9a79f509a6870e55965a?s=96&d=mm&r=g\",\"caption\":\"Fabian Jaeckert\"},\"description\":\"Angefangen hat alles mit unserem eigenen Sprung in die Selbstst\u00e4ndigkeit. Das war 2008. Im Internet fanden wir nur Seiten in \\\"Amtsdeutsch\\\". Wir gehen einen anderen Weg. Wir wollen verst\u00e4ndliche und praxisnahe Tipps geben. Unser Credo: Jeder Mensch kann ein Unternehmen gr\u00fcnden!\",\"sameAs\":[\"https:\\\/\\\/www.existenzgruender-jungunternehmer.de\\\/\",\"https:\\\/\\\/www.facebook.com\\\/existenzgruenderjungunternehmer\"]}]}<\/script>\n<!-- \/ Yoast SEO plugin. -->","yoast_head_json":{"title":"Existenzgr\u00fcnder: Erst verlacht, dann bek\u00e4mpft, dann anerkannt - Gr\u00fcnderblog","robots":{"index":"index","follow":"follow","max-snippet":"max-snippet:-1","max-image-preview":"max-image-preview:large","max-video-preview":"max-video-preview:-1"},"canonical":"https:\/\/www.existenzgruender-jungunternehmer.de\/p\/blog\/blog-post\/2013\/03\/19\/existenzgruender-erst-verlacht-dann-bekaempft-dann-anerkannt.html","og_locale":"de_DE","og_type":"article","og_title":"Existenzgr\u00fcnder: Erst verlacht, dann bek\u00e4mpft, dann anerkannt - Gr\u00fcnderblog","og_description":"Wer Gunter Dueck nicht kennt, der stutzt erst einmal. Soll das jetzt der Hauptredner des Abends sein? Ein Mathematiker, der wie zuf\u00e4llig auf die B\u00fchne schlendert und mit leiser Stimme Geschichten aus seinem Arbeitsleben erz\u00e4hlt? Wer Gunter Dueck\u00a0schon einmal gesehen hat, der wei\u00df: Der fr\u00fchere IBM-Innovations-Chef ist kein Trampeltier, kein schreiender Alleswisser, die man auf&hellip;","og_url":"https:\/\/www.existenzgruender-jungunternehmer.de\/p\/blog\/blog-post\/2013\/03\/19\/existenzgruender-erst-verlacht-dann-bekaempft-dann-anerkannt.html","og_site_name":"Gr\u00fcnderblog","article_publisher":"https:\/\/www.facebook.com\/existenzgruenderjungunternehmer","article_author":"https:\/\/www.facebook.com\/existenzgruenderjungunternehmer","article_published_time":"2013-03-19T13:46:45+00:00","article_modified_time":"2019-02-25T14:36:19+00:00","author":"Fabian Jaeckert","twitter_misc":{"Verfasst von":"Fabian Jaeckert","Gesch\u00e4tzte Lesezeit":"3\u00a0Minuten"},"schema":{"@context":"https:\/\/schema.org","@graph":[{"@type":"Article","@id":"https:\/\/www.existenzgruender-jungunternehmer.de\/p\/blog\/blog-post\/2013\/03\/19\/existenzgruender-erst-verlacht-dann-bekaempft-dann-anerkannt.html#article","isPartOf":{"@id":"https:\/\/www.existenzgruender-jungunternehmer.de\/p\/blog\/blog-post\/2013\/03\/19\/existenzgruender-erst-verlacht-dann-bekaempft-dann-anerkannt.html"},"author":{"name":"Fabian Jaeckert","@id":"https:\/\/www.existenzgruender-jungunternehmer.de\/p\/blog\/#\/schema\/person\/959f8e5186a271a906712ce914b89129"},"headline":"Existenzgr\u00fcnder: Erst verlacht, dann bek\u00e4mpft, dann anerkannt","datePublished":"2013-03-19T13:46:45+00:00","dateModified":"2019-02-25T14:36:19+00:00","mainEntityOfPage":{"@id":"https:\/\/www.existenzgruender-jungunternehmer.de\/p\/blog\/blog-post\/2013\/03\/19\/existenzgruender-erst-verlacht-dann-bekaempft-dann-anerkannt.html"},"wordCount":643,"commentCount":1,"publisher":{"@id":"https:\/\/www.existenzgruender-jungunternehmer.de\/p\/blog\/#organization"},"keywords":["Anerkennung","Businessplan","Gr\u00fcnder","Innovation"],"articleSection":["Weiterbildung"],"inLanguage":"de","potentialAction":[{"@type":"CommentAction","name":"Comment","target":["https:\/\/www.existenzgruender-jungunternehmer.de\/p\/blog\/blog-post\/2013\/03\/19\/existenzgruender-erst-verlacht-dann-bekaempft-dann-anerkannt.html#respond"]}]},{"@type":"WebPage","@id":"https:\/\/www.existenzgruender-jungunternehmer.de\/p\/blog\/blog-post\/2013\/03\/19\/existenzgruender-erst-verlacht-dann-bekaempft-dann-anerkannt.html","url":"https:\/\/www.existenzgruender-jungunternehmer.de\/p\/blog\/blog-post\/2013\/03\/19\/existenzgruender-erst-verlacht-dann-bekaempft-dann-anerkannt.html","name":"Existenzgr\u00fcnder: Erst verlacht, dann bek\u00e4mpft, dann anerkannt - Gr\u00fcnderblog","isPartOf":{"@id":"https:\/\/www.existenzgruender-jungunternehmer.de\/p\/blog\/#website"},"datePublished":"2013-03-19T13:46:45+00:00","dateModified":"2019-02-25T14:36:19+00:00","breadcrumb":{"@id":"https:\/\/www.existenzgruender-jungunternehmer.de\/p\/blog\/blog-post\/2013\/03\/19\/existenzgruender-erst-verlacht-dann-bekaempft-dann-anerkannt.html#breadcrumb"},"inLanguage":"de","potentialAction":[{"@type":"ReadAction","target":["https:\/\/www.existenzgruender-jungunternehmer.de\/p\/blog\/blog-post\/2013\/03\/19\/existenzgruender-erst-verlacht-dann-bekaempft-dann-anerkannt.html"]}]},{"@type":"BreadcrumbList","@id":"https:\/\/www.existenzgruender-jungunternehmer.de\/p\/blog\/blog-post\/2013\/03\/19\/existenzgruender-erst-verlacht-dann-bekaempft-dann-anerkannt.html#breadcrumb","itemListElement":[{"@type":"ListItem","position":1,"name":"Startseite","item":"https:\/\/www.existenzgruender-jungunternehmer.de\/p\/blog"},{"@type":"ListItem","position":2,"name":"Existenzgr\u00fcnder: Erst verlacht, dann bek\u00e4mpft, dann anerkannt"}]},{"@type":"WebSite","@id":"https:\/\/www.existenzgruender-jungunternehmer.de\/p\/blog\/#website","url":"https:\/\/www.existenzgruender-jungunternehmer.de\/p\/blog\/","name":"Gr\u00fcnderblog","description":"Aktuelles und Interviews aus der Welt der Gr\u00fcnder.","publisher":{"@id":"https:\/\/www.existenzgruender-jungunternehmer.de\/p\/blog\/#organization"},"potentialAction":[{"@type":"SearchAction","target":{"@type":"EntryPoint","urlTemplate":"https:\/\/www.existenzgruender-jungunternehmer.de\/p\/blog\/?s={search_term_string}"},"query-input":{"@type":"PropertyValueSpecification","valueRequired":true,"valueName":"search_term_string"}}],"inLanguage":"de"},{"@type":"Organization","@id":"https:\/\/www.existenzgruender-jungunternehmer.de\/p\/blog\/#organization","name":"Gr\u00fcnderblog","url":"https:\/\/www.existenzgruender-jungunternehmer.de\/p\/blog\/","logo":{"@type":"ImageObject","inLanguage":"de","@id":"https:\/\/www.existenzgruender-jungunternehmer.de\/p\/blog\/#\/schema\/logo\/image\/","url":"https:\/\/www.existenzgruender-jungunternehmer.de\/p\/blog\/wp-content\/uploads\/2019\/01\/cropped-logo-1.png","contentUrl":"https:\/\/www.existenzgruender-jungunternehmer.de\/p\/blog\/wp-content\/uploads\/2019\/01\/cropped-logo-1.png","width":2862,"height":492,"caption":"Gr\u00fcnderblog"},"image":{"@id":"https:\/\/www.existenzgruender-jungunternehmer.de\/p\/blog\/#\/schema\/logo\/image\/"},"sameAs":["https:\/\/www.facebook.com\/existenzgruenderjungunternehmer"]},{"@type":"Person","@id":"https:\/\/www.existenzgruender-jungunternehmer.de\/p\/blog\/#\/schema\/person\/959f8e5186a271a906712ce914b89129","name":"Fabian Jaeckert","image":{"@type":"ImageObject","inLanguage":"de","@id":"https:\/\/secure.gravatar.com\/avatar\/a68ac8c5ad1d3250a24d44b9e9d09e6d972afd57a8bf9a79f509a6870e55965a?s=96&d=mm&r=g","url":"https:\/\/secure.gravatar.com\/avatar\/a68ac8c5ad1d3250a24d44b9e9d09e6d972afd57a8bf9a79f509a6870e55965a?s=96&d=mm&r=g","contentUrl":"https:\/\/secure.gravatar.com\/avatar\/a68ac8c5ad1d3250a24d44b9e9d09e6d972afd57a8bf9a79f509a6870e55965a?s=96&d=mm&r=g","caption":"Fabian Jaeckert"},"description":"Angefangen hat alles mit unserem eigenen Sprung in die Selbstst\u00e4ndigkeit. Das war 2008. Im Internet fanden wir nur Seiten in \"Amtsdeutsch\". Wir gehen einen anderen Weg. Wir wollen verst\u00e4ndliche und praxisnahe Tipps geben. Unser Credo: Jeder Mensch kann ein Unternehmen gr\u00fcnden!","sameAs":["https:\/\/www.existenzgruender-jungunternehmer.de\/","https:\/\/www.facebook.com\/existenzgruenderjungunternehmer"]}]}},"_links":{"self":[{"href":"https:\/\/www.existenzgruender-jungunternehmer.de\/p\/blog\/wp-json\/wp\/v2\/posts\/49","targetHints":{"allow":["GET"]}}],"collection":[{"href":"https:\/\/www.existenzgruender-jungunternehmer.de\/p\/blog\/wp-json\/wp\/v2\/posts"}],"about":[{"href":"https:\/\/www.existenzgruender-jungunternehmer.de\/p\/blog\/wp-json\/wp\/v2\/types\/post"}],"author":[{"embeddable":true,"href":"https:\/\/www.existenzgruender-jungunternehmer.de\/p\/blog\/wp-json\/wp\/v2\/users\/1"}],"replies":[{"embeddable":true,"href":"https:\/\/www.existenzgruender-jungunternehmer.de\/p\/blog\/wp-json\/wp\/v2\/comments?post=49"}],"version-history":[{"count":5,"href":"https:\/\/www.existenzgruender-jungunternehmer.de\/p\/blog\/wp-json\/wp\/v2\/posts\/49\/revisions"}],"predecessor-version":[{"id":948,"href":"https:\/\/www.existenzgruender-jungunternehmer.de\/p\/blog\/wp-json\/wp\/v2\/posts\/49\/revisions\/948"}],"wp:attachment":[{"href":"https:\/\/www.existenzgruender-jungunternehmer.de\/p\/blog\/wp-json\/wp\/v2\/media?parent=49"}],"wp:term":[{"taxonomy":"category","embeddable":true,"href":"https:\/\/www.existenzgruender-jungunternehmer.de\/p\/blog\/wp-json\/wp\/v2\/categories?post=49"},{"taxonomy":"post_tag","embeddable":true,"href":"https:\/\/www.existenzgruender-jungunternehmer.de\/p\/blog\/wp-json\/wp\/v2\/tags?post=49"}],"curies":[{"name":"wp","href":"https:\/\/api.w.org\/{rel}","templated":true}]}}