{"id":737,"date":"2016-09-28T09:41:14","date_gmt":"2016-09-28T07:41:14","guid":{"rendered":"http:\/\/www.existenzgruender-jungunternehmer.de\/p\/blog\/?p=737"},"modified":"2019-01-10T16:46:40","modified_gmt":"2019-01-10T14:46:40","slug":"startup-wettbewerb-hier-starten-die-oekonauten-durch","status":"publish","type":"post","link":"https:\/\/www.existenzgruender-jungunternehmer.de\/p\/blog\/blog-post\/2016\/09\/28\/startup-wettbewerb-hier-starten-die-oekonauten-durch.html","title":{"rendered":"Start-up-Wettbewerb aus Freiburg: Hier starten die \u00d6konauten durch"},"content":{"rendered":"<p>Vorgestellt: Freiburg ist eine gr\u00fcne Hochburg. Davon profitiert auch die regionale Start-up-Szene. Beim \u201e<a href=\"http:\/\/oekonauten.org\" target=\"_blank\">\u00d6konauten\u201c-Wettbewerb<\/a> werden gr\u00fcne Gr\u00fcnder unterst\u00fctzt. Die Bewerbungsfrist l\u00e4uft bis zum 31. Oktober. Wir haben mit Organisator Jonathan Niessen gesprochen. Die \u00d6konauten findet ihr auch in unserer \u00dcbersicht zu allen <a href=\"http:\/\/www.existenzgruender-jungunternehmer.de\/p\/gruendung\/businessplan\/wettbewerbe.html\" target=\"_blank\">Gr\u00fcnder- und Businessplan-Wettbewerben<\/a> in Deutschland.<strong>\u00a0<\/strong><\/p>\n<p><strong>Hallo Jonathan, beschreibe bitte die \u201e\u00d6konauten\u201c in einem Satz. <\/strong><strong>\u00a0<\/strong><\/p>\n<p><strong> Jonathan Niessen:<\/strong> Die \u00d6konauten f\u00f6rdern Menschen mit innovativen Ideen im Nachhaltigkeitsbereich in einer sehr fr\u00fchen Phase.<\/p>\n<p><strong>Was hei\u00dft denn &#8222;fr\u00fche Phase&#8220;? <\/strong><\/p>\n<p><strong>Jonathan:<\/strong> Die Idee sollte stehen, aber es muss noch kein fertiger Businessplan vorhanden sein. Idealerweise ist schon ein Prototyp vorhanden. Ein Beispiel aus dem Vorjahr. Zu den Gewinnern z\u00e4hlte \u201eCarla Cargo\u201c, ein Fahrradanh\u00e4nger f\u00fcr gro\u00dfe Lasten, ausgestattet mit einem Elektromotor.<\/p>\n<p>Die Gr\u00fcnder hatten einen ersten Anh\u00e4nger entwickelt, um damit Gem\u00fcsekisten von einem Bauernhof zu Privathaushalten in Freiburg zu bringen. Dann haben sie gemerkt, dass man daraus auch ein Business entwickeln k\u00f6nnte. Heute hat das Unternehmen einen KfW-F\u00f6rderkredit und bereits \u00fcber 30 Anh\u00e4nger verkauft.<\/p>\n<p><strong>Nachhaltigkeit und Freiburg \u2013 warum passt das zusammen? <\/strong><\/p>\n<p><strong>Jonathan:<\/strong> Freiburg ist als Green City in Deutschland bekannt. Es gibt in unserer Region viele Innovationen im Nachhaltigkeitsbereich. Unter anderem haben wir mit dem Fraunhofer ISE die deutschlandweit gr\u00f6\u00dfte Forschungseinrichtung zur Solartechnologie. Der Freiburger Stadtteil Vauban ist ein Vorzeige-Stadtteil in Sachen Nachhaltigkeit. Und zuletzt haben wir einen gr\u00fcnen Oberb\u00fcrgermeister und die Gr\u00fcnen sind st\u00e4rkte Fraktion im Stadtrat. Diese vielen Faktoren sorgen daf\u00fcr, dass hier eine sehr lebendige gr\u00fcne Startup-Szene entsteht.<\/p>\n<p><strong>Wie gro\u00df ist denn die Existenzgr\u00fcnder-Szene in Freiburg? <\/strong><\/p>\n<p><strong>Jonathan:<\/strong> Die Region zeichnet sich vor allem dadurch aus, dass hier zahlreiche Hidden Champions aus dem Mittelstand ans\u00e4ssig sind. Also viele klassische Unternehmen aus dem Maschinenbau etwa, die Weltmarktf\u00fchrer sind, aber gleichzeitig kaum bekannt. Die Start-up-Szene steckt noch in den Kinderschuhen, hat aber gro\u00dfes Potenzial f\u00fcr die Zukunft. Daran m\u00f6chten wir arbeiten \u2013 und der \u00d6konauten-Wettbewerb soll dazu beitragen.<\/p>\n<p>Das bekannteste gr\u00fcne Start-up aus Freiburg ist \u201eJobrad\u201c. Dort kann man Fahrr\u00e4der leasen, so wie sonst einen Firmenwagen. Mit einem geleasten Fahrrad l\u00e4sst sich die 1-Prozent-Regelung nutzen. Das Unternehmen hat mittlerweile \u00fcber 100 Mitarbeiter.<\/p>\n<p><strong>Welche Tipps kannst du f\u00fcr die Bewerbung geben? <\/strong><\/p>\n<figure id=\"attachment_740\" aria-describedby=\"caption-attachment-740\" style=\"width: 400px\" class=\"wp-caption alignright\"><a href=\"http:\/\/www.existenzgruender-jungunternehmer.de\/p\/blog\/wp-content\/uploads\/2016\/09\/Gruenhof-Econauten-print.jpg\"><img loading=\"lazy\" decoding=\"async\" class=\"wp-image-740 size-full\" src=\"http:\/\/www.existenzgruender-jungunternehmer.de\/p\/blog\/wp-content\/uploads\/2016\/09\/Gruenhof-Econauten-print.jpg\" alt=\"Das Finale der \u00d6konauten im vorigen Jahr. Foto: David Lohm\u00fcller\" width=\"400\" height=\"267\" srcset=\"https:\/\/www.existenzgruender-jungunternehmer.de\/p\/blog\/wp-content\/uploads\/2016\/09\/Gruenhof-Econauten-print.jpg 400w, https:\/\/www.existenzgruender-jungunternehmer.de\/p\/blog\/wp-content\/uploads\/2016\/09\/Gruenhof-Econauten-print-300x200.jpg 300w\" sizes=\"auto, (max-width: 400px) 100vw, 400px\" \/><\/a><figcaption id=\"caption-attachment-740\" class=\"wp-caption-text\">Das Finale der \u00d6konauten im vorigen Jahr. Foto: David Lohm\u00fcller<\/figcaption><\/figure>\n<p><strong>Jonathan:<\/strong> Die Bewerbung ist relativ simpel. Die Gr\u00fcnder reichen eine Pr\u00e4sentation ein. Mein Tipp: Seid ehrlich. Sagt, was ihr erwartet und auch welche Probleme ihr noch nicht gel\u00f6st habt.<\/p>\n<p>Im vorigen Jahr haben wir 31 Bewerbungen erhalten und haben vier Teams angenommen. Die Chancen stehen also gut, dass man es schafft. In diesem Jahr planen wir, f\u00fcnf Teams anzunehmen, wobei dies letztlich die Jury entscheidet. Es k\u00f6nnen sich aus ganz Deutschland Gr\u00fcnder bewerben. Allerdings macht es Sinn, wenn man aus der Region kommt.<\/p>\n<p><strong>Was gibt es zu gewinnen? <\/strong><\/p>\n<p><strong>Jonathan:<\/strong> Die Gewinner k\u00f6nnen den Coworking-Space Gr\u00fcnhof nutzen, der hinter dem Wettbewerb steht. An zwei Tagen pro Monat gibt es feste Trainings-Tage und Gr\u00fcnder-Coachings, um die Gesch\u00e4ftsidee weiterzuentwickeln.<\/p>\n<p>Au\u00dferdem k\u00f6nnen sich die Gewinner in einem weiteren Schritt auf eine finanzielle Unterst\u00fctzung von 500 Euro pro Monat bewerben. Allerdings spielt der Geldpreis nur eine untergeordnete Rolle. Wir m\u00f6chten vor allem die Gr\u00fcnder unterst\u00fctzen, ihre Gesch\u00e4ftsidee weiterzuentwickeln.<\/p>\n<p><strong>Vielen Dank! <\/strong><\/p>\n","protected":false},"excerpt":{"rendered":"<p>Vorgestellt: Freiburg ist eine gr\u00fcne Hochburg. Davon profitiert auch die regionale Start-up-Szene. Beim \u201e\u00d6konauten\u201c-Wettbewerb werden gr\u00fcne Gr\u00fcnder unterst\u00fctzt. Die Bewerbungsfrist l\u00e4uft bis zum 31. Oktober. Wir haben mit Organisator Jonathan Niessen gesprochen. Die \u00d6konauten findet ihr auch in unserer \u00dcbersicht zu allen Gr\u00fcnder- und Businessplan-Wettbewerben in Deutschland.\u00a0 Hallo Jonathan, beschreibe bitte die \u201e\u00d6konauten\u201c in einem&hellip;<\/p>\n","protected":false},"author":2,"featured_media":739,"comment_status":"open","ping_status":"open","sticky":false,"template":"","format":"standard","meta":{"footnotes":""},"categories":[2],"tags":[28,72,39],"class_list":["post-737","post","type-post","status-publish","format-standard","has-post-thumbnail","hentry","category-gruendung","tag-geschaeftsidee","tag-startups","tag-wettbewerb","comments-closed","has-comments"],"yoast_head":"<!-- This site is optimized with the Yoast SEO plugin v27.4 - https:\/\/yoast.com\/product\/yoast-seo-wordpress\/ -->\n<title>Start-up-Wettbewerb: Hier starten die \u00d6konauten durch<\/title>\n<meta name=\"description\" content=\"Vorgestellt: Freiburg ist eine gr\u00fcne Hochburg. Davon profitiert auch die regionale Start-up-Szene. Der \u00d6konauten-Wettbewerb f\u00f6rdert gr\u00fcne Gr\u00fcnder.\" \/>\n<meta name=\"robots\" content=\"index, follow, max-snippet:-1, max-image-preview:large, max-video-preview:-1\" \/>\n<link rel=\"canonical\" href=\"https:\/\/www.existenzgruender-jungunternehmer.de\/p\/blog\/blog-post\/2016\/09\/28\/startup-wettbewerb-hier-starten-die-oekonauten-durch.html\" \/>\n<meta property=\"og:locale\" content=\"de_DE\" \/>\n<meta property=\"og:type\" content=\"article\" \/>\n<meta property=\"og:title\" content=\"Start-up-Wettbewerb: Hier starten die \u00d6konauten durch\" \/>\n<meta property=\"og:description\" content=\"Vorgestellt: Freiburg ist eine gr\u00fcne Hochburg. Davon profitiert auch die regionale Start-up-Szene. Der \u00d6konauten-Wettbewerb f\u00f6rdert gr\u00fcne Gr\u00fcnder.\" \/>\n<meta property=\"og:url\" content=\"https:\/\/www.existenzgruender-jungunternehmer.de\/p\/blog\/blog-post\/2016\/09\/28\/startup-wettbewerb-hier-starten-die-oekonauten-durch.html\" \/>\n<meta property=\"og:site_name\" content=\"Gr\u00fcnderblog\" \/>\n<meta property=\"article:publisher\" content=\"https:\/\/www.facebook.com\/existenzgruenderjungunternehmer\" \/>\n<meta property=\"article:author\" content=\"https:\/\/www.facebook.com\/existenzgruenderjungunternehmer\" \/>\n<meta property=\"article:published_time\" content=\"2016-09-28T07:41:14+00:00\" \/>\n<meta property=\"article:modified_time\" content=\"2019-01-10T14:46:40+00:00\" \/>\n<meta property=\"og:image\" content=\"https:\/\/www.existenzgruender-jungunternehmer.de\/p\/blog\/wp-content\/uploads\/2016\/09\/Jonathan-Niessen.jpg\" \/>\n\t<meta property=\"og:image:width\" content=\"300\" \/>\n\t<meta property=\"og:image:height\" content=\"375\" \/>\n\t<meta property=\"og:image:type\" content=\"image\/jpeg\" \/>\n<meta name=\"author\" content=\"Benjamin O&#039;Daniel\" \/>\n<meta name=\"twitter:label1\" content=\"Verfasst von\" \/>\n\t<meta name=\"twitter:data1\" content=\"Benjamin O&#039;Daniel\" \/>\n\t<meta name=\"twitter:label2\" content=\"Gesch\u00e4tzte Lesezeit\" \/>\n\t<meta name=\"twitter:data2\" content=\"3\u00a0Minuten\" \/>\n<script type=\"application\/ld+json\" class=\"yoast-schema-graph\">{\"@context\":\"https:\\\/\\\/schema.org\",\"@graph\":[{\"@type\":\"Article\",\"@id\":\"https:\\\/\\\/www.existenzgruender-jungunternehmer.de\\\/p\\\/blog\\\/blog-post\\\/2016\\\/09\\\/28\\\/startup-wettbewerb-hier-starten-die-oekonauten-durch.html#article\",\"isPartOf\":{\"@id\":\"https:\\\/\\\/www.existenzgruender-jungunternehmer.de\\\/p\\\/blog\\\/blog-post\\\/2016\\\/09\\\/28\\\/startup-wettbewerb-hier-starten-die-oekonauten-durch.html\"},\"author\":{\"name\":\"Benjamin O'Daniel\",\"@id\":\"https:\\\/\\\/www.existenzgruender-jungunternehmer.de\\\/p\\\/blog\\\/#\\\/schema\\\/person\\\/4339267e5185a6c17b6f59050a75db9e\"},\"headline\":\"Start-up-Wettbewerb aus Freiburg: Hier starten die \u00d6konauten durch\",\"datePublished\":\"2016-09-28T07:41:14+00:00\",\"dateModified\":\"2019-01-10T14:46:40+00:00\",\"mainEntityOfPage\":{\"@id\":\"https:\\\/\\\/www.existenzgruender-jungunternehmer.de\\\/p\\\/blog\\\/blog-post\\\/2016\\\/09\\\/28\\\/startup-wettbewerb-hier-starten-die-oekonauten-durch.html\"},\"wordCount\":576,\"commentCount\":1,\"publisher\":{\"@id\":\"https:\\\/\\\/www.existenzgruender-jungunternehmer.de\\\/p\\\/blog\\\/#organization\"},\"image\":{\"@id\":\"https:\\\/\\\/www.existenzgruender-jungunternehmer.de\\\/p\\\/blog\\\/blog-post\\\/2016\\\/09\\\/28\\\/startup-wettbewerb-hier-starten-die-oekonauten-durch.html#primaryimage\"},\"thumbnailUrl\":\"https:\\\/\\\/www.existenzgruender-jungunternehmer.de\\\/p\\\/blog\\\/wp-content\\\/uploads\\\/2016\\\/09\\\/Jonathan-Niessen.jpg\",\"keywords\":[\"Gesch\u00e4ftsidee\",\"Startups\",\"Wettbewerb\"],\"articleSection\":[\"Gr\u00fcndung\"],\"inLanguage\":\"de\",\"potentialAction\":[{\"@type\":\"CommentAction\",\"name\":\"Comment\",\"target\":[\"https:\\\/\\\/www.existenzgruender-jungunternehmer.de\\\/p\\\/blog\\\/blog-post\\\/2016\\\/09\\\/28\\\/startup-wettbewerb-hier-starten-die-oekonauten-durch.html#respond\"]}]},{\"@type\":\"WebPage\",\"@id\":\"https:\\\/\\\/www.existenzgruender-jungunternehmer.de\\\/p\\\/blog\\\/blog-post\\\/2016\\\/09\\\/28\\\/startup-wettbewerb-hier-starten-die-oekonauten-durch.html\",\"url\":\"https:\\\/\\\/www.existenzgruender-jungunternehmer.de\\\/p\\\/blog\\\/blog-post\\\/2016\\\/09\\\/28\\\/startup-wettbewerb-hier-starten-die-oekonauten-durch.html\",\"name\":\"Start-up-Wettbewerb: Hier starten die \u00d6konauten durch\",\"isPartOf\":{\"@id\":\"https:\\\/\\\/www.existenzgruender-jungunternehmer.de\\\/p\\\/blog\\\/#website\"},\"primaryImageOfPage\":{\"@id\":\"https:\\\/\\\/www.existenzgruender-jungunternehmer.de\\\/p\\\/blog\\\/blog-post\\\/2016\\\/09\\\/28\\\/startup-wettbewerb-hier-starten-die-oekonauten-durch.html#primaryimage\"},\"image\":{\"@id\":\"https:\\\/\\\/www.existenzgruender-jungunternehmer.de\\\/p\\\/blog\\\/blog-post\\\/2016\\\/09\\\/28\\\/startup-wettbewerb-hier-starten-die-oekonauten-durch.html#primaryimage\"},\"thumbnailUrl\":\"https:\\\/\\\/www.existenzgruender-jungunternehmer.de\\\/p\\\/blog\\\/wp-content\\\/uploads\\\/2016\\\/09\\\/Jonathan-Niessen.jpg\",\"datePublished\":\"2016-09-28T07:41:14+00:00\",\"dateModified\":\"2019-01-10T14:46:40+00:00\",\"description\":\"Vorgestellt: Freiburg ist eine gr\u00fcne Hochburg. Davon profitiert auch die regionale Start-up-Szene. Der \u00d6konauten-Wettbewerb f\u00f6rdert gr\u00fcne Gr\u00fcnder.\",\"breadcrumb\":{\"@id\":\"https:\\\/\\\/www.existenzgruender-jungunternehmer.de\\\/p\\\/blog\\\/blog-post\\\/2016\\\/09\\\/28\\\/startup-wettbewerb-hier-starten-die-oekonauten-durch.html#breadcrumb\"},\"inLanguage\":\"de\",\"potentialAction\":[{\"@type\":\"ReadAction\",\"target\":[\"https:\\\/\\\/www.existenzgruender-jungunternehmer.de\\\/p\\\/blog\\\/blog-post\\\/2016\\\/09\\\/28\\\/startup-wettbewerb-hier-starten-die-oekonauten-durch.html\"]}]},{\"@type\":\"ImageObject\",\"inLanguage\":\"de\",\"@id\":\"https:\\\/\\\/www.existenzgruender-jungunternehmer.de\\\/p\\\/blog\\\/blog-post\\\/2016\\\/09\\\/28\\\/startup-wettbewerb-hier-starten-die-oekonauten-durch.html#primaryimage\",\"url\":\"https:\\\/\\\/www.existenzgruender-jungunternehmer.de\\\/p\\\/blog\\\/wp-content\\\/uploads\\\/2016\\\/09\\\/Jonathan-Niessen.jpg\",\"contentUrl\":\"https:\\\/\\\/www.existenzgruender-jungunternehmer.de\\\/p\\\/blog\\\/wp-content\\\/uploads\\\/2016\\\/09\\\/Jonathan-Niessen.jpg\",\"width\":300,\"height\":375,\"caption\":\"Jonathan Niessen geh\u00f6rt zum Team, das den Start-up-Wettbewerb organisiert.\"},{\"@type\":\"BreadcrumbList\",\"@id\":\"https:\\\/\\\/www.existenzgruender-jungunternehmer.de\\\/p\\\/blog\\\/blog-post\\\/2016\\\/09\\\/28\\\/startup-wettbewerb-hier-starten-die-oekonauten-durch.html#breadcrumb\",\"itemListElement\":[{\"@type\":\"ListItem\",\"position\":1,\"name\":\"Startseite\",\"item\":\"https:\\\/\\\/www.existenzgruender-jungunternehmer.de\\\/p\\\/blog\"},{\"@type\":\"ListItem\",\"position\":2,\"name\":\"Start-up-Wettbewerb aus Freiburg: Hier starten die \u00d6konauten durch\"}]},{\"@type\":\"WebSite\",\"@id\":\"https:\\\/\\\/www.existenzgruender-jungunternehmer.de\\\/p\\\/blog\\\/#website\",\"url\":\"https:\\\/\\\/www.existenzgruender-jungunternehmer.de\\\/p\\\/blog\\\/\",\"name\":\"Gr\u00fcnderblog\",\"description\":\"Aktuelles und Interviews aus der Welt der Gr\u00fcnder.\",\"publisher\":{\"@id\":\"https:\\\/\\\/www.existenzgruender-jungunternehmer.de\\\/p\\\/blog\\\/#organization\"},\"potentialAction\":[{\"@type\":\"SearchAction\",\"target\":{\"@type\":\"EntryPoint\",\"urlTemplate\":\"https:\\\/\\\/www.existenzgruender-jungunternehmer.de\\\/p\\\/blog\\\/?s={search_term_string}\"},\"query-input\":{\"@type\":\"PropertyValueSpecification\",\"valueRequired\":true,\"valueName\":\"search_term_string\"}}],\"inLanguage\":\"de\"},{\"@type\":\"Organization\",\"@id\":\"https:\\\/\\\/www.existenzgruender-jungunternehmer.de\\\/p\\\/blog\\\/#organization\",\"name\":\"Gr\u00fcnderblog\",\"url\":\"https:\\\/\\\/www.existenzgruender-jungunternehmer.de\\\/p\\\/blog\\\/\",\"logo\":{\"@type\":\"ImageObject\",\"inLanguage\":\"de\",\"@id\":\"https:\\\/\\\/www.existenzgruender-jungunternehmer.de\\\/p\\\/blog\\\/#\\\/schema\\\/logo\\\/image\\\/\",\"url\":\"https:\\\/\\\/www.existenzgruender-jungunternehmer.de\\\/p\\\/blog\\\/wp-content\\\/uploads\\\/2019\\\/01\\\/cropped-logo-1.png\",\"contentUrl\":\"https:\\\/\\\/www.existenzgruender-jungunternehmer.de\\\/p\\\/blog\\\/wp-content\\\/uploads\\\/2019\\\/01\\\/cropped-logo-1.png\",\"width\":2862,\"height\":492,\"caption\":\"Gr\u00fcnderblog\"},\"image\":{\"@id\":\"https:\\\/\\\/www.existenzgruender-jungunternehmer.de\\\/p\\\/blog\\\/#\\\/schema\\\/logo\\\/image\\\/\"},\"sameAs\":[\"https:\\\/\\\/www.facebook.com\\\/existenzgruenderjungunternehmer\"]},{\"@type\":\"Person\",\"@id\":\"https:\\\/\\\/www.existenzgruender-jungunternehmer.de\\\/p\\\/blog\\\/#\\\/schema\\\/person\\\/4339267e5185a6c17b6f59050a75db9e\",\"name\":\"Benjamin O'Daniel\",\"image\":{\"@type\":\"ImageObject\",\"inLanguage\":\"de\",\"@id\":\"https:\\\/\\\/secure.gravatar.com\\\/avatar\\\/26c2eec8db35680bd20c78d81994ad6509490a3d330568b2cca67b0f7ce2463a?s=96&d=mm&r=g\",\"url\":\"https:\\\/\\\/secure.gravatar.com\\\/avatar\\\/26c2eec8db35680bd20c78d81994ad6509490a3d330568b2cca67b0f7ce2463a?s=96&d=mm&r=g\",\"contentUrl\":\"https:\\\/\\\/secure.gravatar.com\\\/avatar\\\/26c2eec8db35680bd20c78d81994ad6509490a3d330568b2cca67b0f7ce2463a?s=96&d=mm&r=g\",\"caption\":\"Benjamin O'Daniel\"},\"description\":\"Benjamin O\u2019Daniel ist Redaktionsleiter von Existenzgr\u00fcnder &amp; Jungunternehmer. Sie haben ein Thema, das Sie interessiert? Dann schreiben Sie uns eine Mail.\",\"sameAs\":[\"http:\\\/\\\/www.existenzgruender-jungunternehmer.de\",\"https:\\\/\\\/www.facebook.com\\\/existenzgruenderjungunternehmer\"]}]}<\/script>\n<!-- \/ Yoast SEO plugin. -->","yoast_head_json":{"title":"Start-up-Wettbewerb: Hier starten die \u00d6konauten durch","description":"Vorgestellt: Freiburg ist eine gr\u00fcne Hochburg. Davon profitiert auch die regionale Start-up-Szene. Der \u00d6konauten-Wettbewerb f\u00f6rdert gr\u00fcne Gr\u00fcnder.","robots":{"index":"index","follow":"follow","max-snippet":"max-snippet:-1","max-image-preview":"max-image-preview:large","max-video-preview":"max-video-preview:-1"},"canonical":"https:\/\/www.existenzgruender-jungunternehmer.de\/p\/blog\/blog-post\/2016\/09\/28\/startup-wettbewerb-hier-starten-die-oekonauten-durch.html","og_locale":"de_DE","og_type":"article","og_title":"Start-up-Wettbewerb: Hier starten die \u00d6konauten durch","og_description":"Vorgestellt: Freiburg ist eine gr\u00fcne Hochburg. Davon profitiert auch die regionale Start-up-Szene. Der \u00d6konauten-Wettbewerb f\u00f6rdert gr\u00fcne Gr\u00fcnder.","og_url":"https:\/\/www.existenzgruender-jungunternehmer.de\/p\/blog\/blog-post\/2016\/09\/28\/startup-wettbewerb-hier-starten-die-oekonauten-durch.html","og_site_name":"Gr\u00fcnderblog","article_publisher":"https:\/\/www.facebook.com\/existenzgruenderjungunternehmer","article_author":"https:\/\/www.facebook.com\/existenzgruenderjungunternehmer","article_published_time":"2016-09-28T07:41:14+00:00","article_modified_time":"2019-01-10T14:46:40+00:00","og_image":[{"width":300,"height":375,"url":"https:\/\/www.existenzgruender-jungunternehmer.de\/p\/blog\/wp-content\/uploads\/2016\/09\/Jonathan-Niessen.jpg","type":"image\/jpeg"}],"author":"Benjamin O'Daniel","twitter_misc":{"Verfasst von":"Benjamin O'Daniel","Gesch\u00e4tzte Lesezeit":"3\u00a0Minuten"},"schema":{"@context":"https:\/\/schema.org","@graph":[{"@type":"Article","@id":"https:\/\/www.existenzgruender-jungunternehmer.de\/p\/blog\/blog-post\/2016\/09\/28\/startup-wettbewerb-hier-starten-die-oekonauten-durch.html#article","isPartOf":{"@id":"https:\/\/www.existenzgruender-jungunternehmer.de\/p\/blog\/blog-post\/2016\/09\/28\/startup-wettbewerb-hier-starten-die-oekonauten-durch.html"},"author":{"name":"Benjamin O'Daniel","@id":"https:\/\/www.existenzgruender-jungunternehmer.de\/p\/blog\/#\/schema\/person\/4339267e5185a6c17b6f59050a75db9e"},"headline":"Start-up-Wettbewerb aus Freiburg: Hier starten die \u00d6konauten durch","datePublished":"2016-09-28T07:41:14+00:00","dateModified":"2019-01-10T14:46:40+00:00","mainEntityOfPage":{"@id":"https:\/\/www.existenzgruender-jungunternehmer.de\/p\/blog\/blog-post\/2016\/09\/28\/startup-wettbewerb-hier-starten-die-oekonauten-durch.html"},"wordCount":576,"commentCount":1,"publisher":{"@id":"https:\/\/www.existenzgruender-jungunternehmer.de\/p\/blog\/#organization"},"image":{"@id":"https:\/\/www.existenzgruender-jungunternehmer.de\/p\/blog\/blog-post\/2016\/09\/28\/startup-wettbewerb-hier-starten-die-oekonauten-durch.html#primaryimage"},"thumbnailUrl":"https:\/\/www.existenzgruender-jungunternehmer.de\/p\/blog\/wp-content\/uploads\/2016\/09\/Jonathan-Niessen.jpg","keywords":["Gesch\u00e4ftsidee","Startups","Wettbewerb"],"articleSection":["Gr\u00fcndung"],"inLanguage":"de","potentialAction":[{"@type":"CommentAction","name":"Comment","target":["https:\/\/www.existenzgruender-jungunternehmer.de\/p\/blog\/blog-post\/2016\/09\/28\/startup-wettbewerb-hier-starten-die-oekonauten-durch.html#respond"]}]},{"@type":"WebPage","@id":"https:\/\/www.existenzgruender-jungunternehmer.de\/p\/blog\/blog-post\/2016\/09\/28\/startup-wettbewerb-hier-starten-die-oekonauten-durch.html","url":"https:\/\/www.existenzgruender-jungunternehmer.de\/p\/blog\/blog-post\/2016\/09\/28\/startup-wettbewerb-hier-starten-die-oekonauten-durch.html","name":"Start-up-Wettbewerb: Hier starten die \u00d6konauten durch","isPartOf":{"@id":"https:\/\/www.existenzgruender-jungunternehmer.de\/p\/blog\/#website"},"primaryImageOfPage":{"@id":"https:\/\/www.existenzgruender-jungunternehmer.de\/p\/blog\/blog-post\/2016\/09\/28\/startup-wettbewerb-hier-starten-die-oekonauten-durch.html#primaryimage"},"image":{"@id":"https:\/\/www.existenzgruender-jungunternehmer.de\/p\/blog\/blog-post\/2016\/09\/28\/startup-wettbewerb-hier-starten-die-oekonauten-durch.html#primaryimage"},"thumbnailUrl":"https:\/\/www.existenzgruender-jungunternehmer.de\/p\/blog\/wp-content\/uploads\/2016\/09\/Jonathan-Niessen.jpg","datePublished":"2016-09-28T07:41:14+00:00","dateModified":"2019-01-10T14:46:40+00:00","description":"Vorgestellt: Freiburg ist eine gr\u00fcne Hochburg. Davon profitiert auch die regionale Start-up-Szene. Der \u00d6konauten-Wettbewerb f\u00f6rdert gr\u00fcne Gr\u00fcnder.","breadcrumb":{"@id":"https:\/\/www.existenzgruender-jungunternehmer.de\/p\/blog\/blog-post\/2016\/09\/28\/startup-wettbewerb-hier-starten-die-oekonauten-durch.html#breadcrumb"},"inLanguage":"de","potentialAction":[{"@type":"ReadAction","target":["https:\/\/www.existenzgruender-jungunternehmer.de\/p\/blog\/blog-post\/2016\/09\/28\/startup-wettbewerb-hier-starten-die-oekonauten-durch.html"]}]},{"@type":"ImageObject","inLanguage":"de","@id":"https:\/\/www.existenzgruender-jungunternehmer.de\/p\/blog\/blog-post\/2016\/09\/28\/startup-wettbewerb-hier-starten-die-oekonauten-durch.html#primaryimage","url":"https:\/\/www.existenzgruender-jungunternehmer.de\/p\/blog\/wp-content\/uploads\/2016\/09\/Jonathan-Niessen.jpg","contentUrl":"https:\/\/www.existenzgruender-jungunternehmer.de\/p\/blog\/wp-content\/uploads\/2016\/09\/Jonathan-Niessen.jpg","width":300,"height":375,"caption":"Jonathan Niessen geh\u00f6rt zum Team, das den Start-up-Wettbewerb organisiert."},{"@type":"BreadcrumbList","@id":"https:\/\/www.existenzgruender-jungunternehmer.de\/p\/blog\/blog-post\/2016\/09\/28\/startup-wettbewerb-hier-starten-die-oekonauten-durch.html#breadcrumb","itemListElement":[{"@type":"ListItem","position":1,"name":"Startseite","item":"https:\/\/www.existenzgruender-jungunternehmer.de\/p\/blog"},{"@type":"ListItem","position":2,"name":"Start-up-Wettbewerb aus Freiburg: Hier starten die \u00d6konauten durch"}]},{"@type":"WebSite","@id":"https:\/\/www.existenzgruender-jungunternehmer.de\/p\/blog\/#website","url":"https:\/\/www.existenzgruender-jungunternehmer.de\/p\/blog\/","name":"Gr\u00fcnderblog","description":"Aktuelles und Interviews aus der Welt der Gr\u00fcnder.","publisher":{"@id":"https:\/\/www.existenzgruender-jungunternehmer.de\/p\/blog\/#organization"},"potentialAction":[{"@type":"SearchAction","target":{"@type":"EntryPoint","urlTemplate":"https:\/\/www.existenzgruender-jungunternehmer.de\/p\/blog\/?s={search_term_string}"},"query-input":{"@type":"PropertyValueSpecification","valueRequired":true,"valueName":"search_term_string"}}],"inLanguage":"de"},{"@type":"Organization","@id":"https:\/\/www.existenzgruender-jungunternehmer.de\/p\/blog\/#organization","name":"Gr\u00fcnderblog","url":"https:\/\/www.existenzgruender-jungunternehmer.de\/p\/blog\/","logo":{"@type":"ImageObject","inLanguage":"de","@id":"https:\/\/www.existenzgruender-jungunternehmer.de\/p\/blog\/#\/schema\/logo\/image\/","url":"https:\/\/www.existenzgruender-jungunternehmer.de\/p\/blog\/wp-content\/uploads\/2019\/01\/cropped-logo-1.png","contentUrl":"https:\/\/www.existenzgruender-jungunternehmer.de\/p\/blog\/wp-content\/uploads\/2019\/01\/cropped-logo-1.png","width":2862,"height":492,"caption":"Gr\u00fcnderblog"},"image":{"@id":"https:\/\/www.existenzgruender-jungunternehmer.de\/p\/blog\/#\/schema\/logo\/image\/"},"sameAs":["https:\/\/www.facebook.com\/existenzgruenderjungunternehmer"]},{"@type":"Person","@id":"https:\/\/www.existenzgruender-jungunternehmer.de\/p\/blog\/#\/schema\/person\/4339267e5185a6c17b6f59050a75db9e","name":"Benjamin O'Daniel","image":{"@type":"ImageObject","inLanguage":"de","@id":"https:\/\/secure.gravatar.com\/avatar\/26c2eec8db35680bd20c78d81994ad6509490a3d330568b2cca67b0f7ce2463a?s=96&d=mm&r=g","url":"https:\/\/secure.gravatar.com\/avatar\/26c2eec8db35680bd20c78d81994ad6509490a3d330568b2cca67b0f7ce2463a?s=96&d=mm&r=g","contentUrl":"https:\/\/secure.gravatar.com\/avatar\/26c2eec8db35680bd20c78d81994ad6509490a3d330568b2cca67b0f7ce2463a?s=96&d=mm&r=g","caption":"Benjamin O'Daniel"},"description":"Benjamin O\u2019Daniel ist Redaktionsleiter von Existenzgr\u00fcnder &amp; Jungunternehmer. Sie haben ein Thema, das Sie interessiert? Dann schreiben Sie uns eine Mail.","sameAs":["http:\/\/www.existenzgruender-jungunternehmer.de","https:\/\/www.facebook.com\/existenzgruenderjungunternehmer"]}]}},"_links":{"self":[{"href":"https:\/\/www.existenzgruender-jungunternehmer.de\/p\/blog\/wp-json\/wp\/v2\/posts\/737","targetHints":{"allow":["GET"]}}],"collection":[{"href":"https:\/\/www.existenzgruender-jungunternehmer.de\/p\/blog\/wp-json\/wp\/v2\/posts"}],"about":[{"href":"https:\/\/www.existenzgruender-jungunternehmer.de\/p\/blog\/wp-json\/wp\/v2\/types\/post"}],"author":[{"embeddable":true,"href":"https:\/\/www.existenzgruender-jungunternehmer.de\/p\/blog\/wp-json\/wp\/v2\/users\/2"}],"replies":[{"embeddable":true,"href":"https:\/\/www.existenzgruender-jungunternehmer.de\/p\/blog\/wp-json\/wp\/v2\/comments?post=737"}],"version-history":[{"count":5,"href":"https:\/\/www.existenzgruender-jungunternehmer.de\/p\/blog\/wp-json\/wp\/v2\/posts\/737\/revisions"}],"predecessor-version":[{"id":744,"href":"https:\/\/www.existenzgruender-jungunternehmer.de\/p\/blog\/wp-json\/wp\/v2\/posts\/737\/revisions\/744"}],"wp:featuredmedia":[{"embeddable":true,"href":"https:\/\/www.existenzgruender-jungunternehmer.de\/p\/blog\/wp-json\/wp\/v2\/media\/739"}],"wp:attachment":[{"href":"https:\/\/www.existenzgruender-jungunternehmer.de\/p\/blog\/wp-json\/wp\/v2\/media?parent=737"}],"wp:term":[{"taxonomy":"category","embeddable":true,"href":"https:\/\/www.existenzgruender-jungunternehmer.de\/p\/blog\/wp-json\/wp\/v2\/categories?post=737"},{"taxonomy":"post_tag","embeddable":true,"href":"https:\/\/www.existenzgruender-jungunternehmer.de\/p\/blog\/wp-json\/wp\/v2\/tags?post=737"}],"curies":[{"name":"wp","href":"https:\/\/api.w.org\/{rel}","templated":true}]}}