{"id":769,"date":"2016-10-24T10:43:53","date_gmt":"2016-10-24T08:43:53","guid":{"rendered":"http:\/\/www.existenzgruender-jungunternehmer.de\/p\/blog\/?p=769"},"modified":"2016-10-24T10:58:56","modified_gmt":"2016-10-24T08:58:56","slug":"wir-vernetzen-gruender-und-mittelstand","status":"publish","type":"post","link":"https:\/\/www.existenzgruender-jungunternehmer.de\/p\/blog\/blog-post\/2016\/10\/24\/wir-vernetzen-gruender-und-mittelstand.html","title":{"rendered":"Gr\u00fcnderszene im Siegerland: \u201eWir vernetzen Gr\u00fcnder und Mittelstand\u201c"},"content":{"rendered":"<p>Im Siegerland gibt es\u00a0eine kleine, aber feine Gr\u00fcnderszene. Dazu tr\u00e4gt <a href=\"http:\/\/www.startpunkt57.de\" target=\"_blank\">Startpunkt57<\/a> bei \u2013 eine Gr\u00fcnderinitiative, in der unter anderem die lokalen Wirtschaftsf\u00f6rderungen, Banken, Universit\u00e4t, IHK und Vereine wie die Wirtschaftsjunioren an einem Strang ziehen. Wir haben mit Gesine Westh\u00e4user gesprochen. Sie organisiert den <a href=\"http:\/\/www.wjsw.de\/ak-existenzgruendung-ju-do-98.html\" target=\"_blank\">Gr\u00fcnderwettbewerb \u201eJU DO<\/a>!\u201c f\u00fcr Jungunternehmerinnen und Jungunternehmer aus der Region. Der Wettbewerb findet sich auch in unserem <a href=\"http:\/\/www.existenzgruender-jungunternehmer.de\/p\/gruendung\/businessplan\/wettbewerbe.html\" target=\"_blank\">Online-Tool zu allen Gr\u00fcndungswettbewerben in Deutschland<\/a>.<\/p>\n<p><strong>Frau Westh\u00e4user, bitte beschreiben Sie den Gr\u00fcnderwettbewerb \u201eJU DO!\u201c in zwei S\u00e4tzen. <\/strong><\/p>\n<p><strong>Gesine Westh\u00e4user:<\/strong> Unser Wettbewerb ist eine Plattform f\u00fcr junge Gr\u00fcnder, die ihre Gesch\u00e4ftsidee einem gr\u00f6\u00dferen Publikum vorstellen, Feedback erhalten und Kontakte kn\u00fcpfen wollen. Und ein Preisgeld von 10.000 Euro gibt es auch zu gewinnen.<\/p>\n<p><strong>An wen richtet sich der Wettbewerb? <\/strong><\/p>\n<p><strong>Westh\u00e4user:<\/strong> Der Wettbewerb richtet sich vorrangig an Gr\u00fcnder aus dem Kreis Siegen-Wittgenstein und dem Kreis Olpe. Dahinter steht der IHK-Bezirk. Und es ist das Gebiet der Wirtschaftsjunioren S\u00fcdwestfalen, die den Wettbewerb organisieren. Die Bewerbungsphase f\u00fcr dieses Jahr l\u00e4uft noch bis zum 30. November 2016.<\/p>\n<p><strong>Viele sprechen \u00fcber Berlin, K\u00f6ln oder M\u00fcnchen als Start-up-Region. Wie steht es um das Siegerland?<\/strong><strong>\u00a0<\/strong><\/p>\n<p><strong>Westh\u00e4user:<\/strong> Es bringt wenig, wenn wir uns mit den gro\u00dfen Metropolen vergleichen. Wir haben unsere eigenen St\u00e4rken. S\u00fcdwestfalen ist die drittst\u00e4rkste Industrieregion Deutschlands. Wir haben zahlreiche Hidden Champions aus dem Mittelstand vor Ort. Die Mittelst\u00e4ndler sind sehr erfolgreich, aber reden nicht gro\u00df dar\u00fcber. So ist eben die Mentalit\u00e4t hier vor Ort.<\/p>\n<p>Der erfolgreiche Mittelstand ist auch f\u00fcr die regionale Gr\u00fcnder- und Start-up-Szene eine gro\u00dfe Chance. Hier sind die Betriebe noch in Familienhand. Man kennt sich untereinander und hilft sich. Wenn ein Gr\u00fcnder mal ein Feedback f\u00fcr einen Prototypen braucht, einen Tipp oder einen Kontakt in eine Zielgruppe hinein, k\u00f6nnen wir ihm h\u00e4ufig helfen. Dieses pers\u00f6nliche Verh\u00e4ltnis findet man in anonymen Metropolen eher selten.<\/p>\n<p>Wir wollen die Gr\u00fcnderszene und den Mittelstand st\u00e4rker miteinander vernetzen, so dass alle voneinander profitieren. Auch die Mittelst\u00e4ndler m\u00fcssen sich verj\u00fcngen und weiterentwickeln. Und fr\u00fcher oder sp\u00e4ter stehen zum Beispiel auch Unternehmensnachfolgen an.<\/p>\n<p>Unsere Gr\u00fcnderszene ist klein, aber fein, und sie w\u00e4chst kontinuierlich. Zu unserem Start-up-Brunch kommen h\u00e4ufig zwischen 30 und 40 Personen. Hier gibt es viele Verbindungen zur Uni Siegen. K\u00fcrzlich haben wir wieder einen Gr\u00fcnder vor Ort besucht \u2013 ein regelm\u00e4\u00dfiges Veranstaltungsformat, das dem Austausch und dem Kennenlernen dient. Zu so einem Besuch kommen 15 bis 20 Personen. Unsere Gr\u00fcnderAKADEMIE ist ebenfalls sehr gut besucht. Die Veranstaltungen sind h\u00e4ufig schnell ausgebucht. Man sieht also: Es gibt Bedarf und Interesse! Das wollen wir weiter ausbauen.<\/p>\n<p><strong>Welchen Tipp w\u00fcrden Sie den Teilnehmern am Wettbewerb JU DO! geben? <\/strong><\/p>\n<p><strong>Westh\u00e4user:<\/strong> Bei unserem Wettbewerb reicht eine Art Steckbrief aus. Dieser Bewerbungsbogen ist auf unserer Website <a href=\"http:\/\/www.wjsw.de\/judo\">www.wjsw.de\/judo<\/a> hinterlegt. Ein ausformulierter Businessplan ist nicht n\u00f6tig. Von daher kann man sich relativ einfach bewerben.<\/p>\n<p>Trotzdem muss die Idee nat\u00fcrlich z\u00fcnden. Wir interessieren uns f\u00fcr den Nutzen und Mehrwert, den das Angebot bietet, und f\u00fcr die Zielgruppe der Gesch\u00e4ftsidee und sind gespannt auf die Einsendungen und die sp\u00e4teren Pr\u00e4sentationen.<\/p>\n<p><strong>Vielen Dank!<\/strong><\/p>\n","protected":false},"excerpt":{"rendered":"<p>Im Siegerland gibt es\u00a0eine kleine, aber feine Gr\u00fcnderszene. Dazu tr\u00e4gt Startpunkt57 bei \u2013 eine Gr\u00fcnderinitiative, in der unter anderem die lokalen Wirtschaftsf\u00f6rderungen, Banken, Universit\u00e4t, IHK und Vereine wie die Wirtschaftsjunioren an einem Strang ziehen. Wir haben mit Gesine Westh\u00e4user gesprochen. Sie organisiert den Gr\u00fcnderwettbewerb \u201eJU DO!\u201c f\u00fcr Jungunternehmerinnen und Jungunternehmer aus der Region. Der Wettbewerb&hellip;<\/p>\n","protected":false},"author":2,"featured_media":770,"comment_status":"open","ping_status":"open","sticky":false,"template":"","format":"standard","meta":{"footnotes":""},"categories":[2],"tags":[39],"class_list":["post-769","post","type-post","status-publish","format-standard","has-post-thumbnail","hentry","category-gruendung","tag-wettbewerb","comments-closed","no-comments"],"yoast_head":"<!-- This site is optimized with the Yoast SEO plugin v27.5 - https:\/\/yoast.com\/product\/yoast-seo-wordpress\/ -->\n<title>Gr\u00fcndungswettbewerb JU DO aus dem Siegerland<\/title>\n<meta name=\"description\" content=\"Rund um die Stadt Siegen gibt es eine kleine, aber feine Gr\u00fcnderszene. Startpunkt57 unterst\u00fctzt die Entwicklung - und bietet einen Wettbewerb an.\" \/>\n<meta name=\"robots\" content=\"index, follow, max-snippet:-1, max-image-preview:large, max-video-preview:-1\" \/>\n<link rel=\"canonical\" href=\"https:\/\/www.existenzgruender-jungunternehmer.de\/p\/blog\/blog-post\/2016\/10\/24\/wir-vernetzen-gruender-und-mittelstand.html\" \/>\n<meta property=\"og:locale\" content=\"de_DE\" \/>\n<meta property=\"og:type\" content=\"article\" \/>\n<meta property=\"og:title\" content=\"Gr\u00fcndungswettbewerb JU DO aus dem Siegerland\" \/>\n<meta property=\"og:description\" content=\"Rund um die Stadt Siegen gibt es eine kleine, aber feine Gr\u00fcnderszene. Startpunkt57 unterst\u00fctzt die Entwicklung - und bietet einen Wettbewerb an.\" \/>\n<meta property=\"og:url\" content=\"https:\/\/www.existenzgruender-jungunternehmer.de\/p\/blog\/blog-post\/2016\/10\/24\/wir-vernetzen-gruender-und-mittelstand.html\" \/>\n<meta property=\"og:site_name\" content=\"Gr\u00fcnderblog\" \/>\n<meta property=\"article:publisher\" content=\"https:\/\/www.facebook.com\/existenzgruenderjungunternehmer\" \/>\n<meta property=\"article:author\" content=\"https:\/\/www.facebook.com\/existenzgruenderjungunternehmer\" \/>\n<meta property=\"article:published_time\" content=\"2016-10-24T08:43:53+00:00\" \/>\n<meta property=\"article:modified_time\" content=\"2016-10-24T08:58:56+00:00\" \/>\n<meta property=\"og:image\" content=\"https:\/\/www.existenzgruender-jungunternehmer.de\/p\/blog\/wp-content\/uploads\/2016\/10\/Gesine-Westhauser-Startpunkt57.png\" \/>\n\t<meta property=\"og:image:width\" content=\"567\" \/>\n\t<meta property=\"og:image:height\" content=\"487\" \/>\n\t<meta property=\"og:image:type\" content=\"image\/png\" \/>\n<meta name=\"author\" content=\"Benjamin O&#039;Daniel\" \/>\n<meta name=\"twitter:label1\" content=\"Verfasst von\" \/>\n\t<meta name=\"twitter:data1\" content=\"Benjamin O&#039;Daniel\" \/>\n\t<meta name=\"twitter:label2\" content=\"Gesch\u00e4tzte Lesezeit\" \/>\n\t<meta name=\"twitter:data2\" content=\"3\u00a0Minuten\" \/>\n<script type=\"application\/ld+json\" class=\"yoast-schema-graph\">{\"@context\":\"https:\\\/\\\/schema.org\",\"@graph\":[{\"@type\":\"Article\",\"@id\":\"https:\\\/\\\/www.existenzgruender-jungunternehmer.de\\\/p\\\/blog\\\/blog-post\\\/2016\\\/10\\\/24\\\/wir-vernetzen-gruender-und-mittelstand.html#article\",\"isPartOf\":{\"@id\":\"https:\\\/\\\/www.existenzgruender-jungunternehmer.de\\\/p\\\/blog\\\/blog-post\\\/2016\\\/10\\\/24\\\/wir-vernetzen-gruender-und-mittelstand.html\"},\"author\":{\"name\":\"Benjamin O'Daniel\",\"@id\":\"https:\\\/\\\/www.existenzgruender-jungunternehmer.de\\\/p\\\/blog\\\/#\\\/schema\\\/person\\\/4339267e5185a6c17b6f59050a75db9e\"},\"headline\":\"Gr\u00fcnderszene im Siegerland: \u201eWir vernetzen Gr\u00fcnder und Mittelstand\u201c\",\"datePublished\":\"2016-10-24T08:43:53+00:00\",\"dateModified\":\"2016-10-24T08:58:56+00:00\",\"mainEntityOfPage\":{\"@id\":\"https:\\\/\\\/www.existenzgruender-jungunternehmer.de\\\/p\\\/blog\\\/blog-post\\\/2016\\\/10\\\/24\\\/wir-vernetzen-gruender-und-mittelstand.html\"},\"wordCount\":556,\"commentCount\":0,\"publisher\":{\"@id\":\"https:\\\/\\\/www.existenzgruender-jungunternehmer.de\\\/p\\\/blog\\\/#organization\"},\"image\":{\"@id\":\"https:\\\/\\\/www.existenzgruender-jungunternehmer.de\\\/p\\\/blog\\\/blog-post\\\/2016\\\/10\\\/24\\\/wir-vernetzen-gruender-und-mittelstand.html#primaryimage\"},\"thumbnailUrl\":\"https:\\\/\\\/www.existenzgruender-jungunternehmer.de\\\/p\\\/blog\\\/wp-content\\\/uploads\\\/2016\\\/10\\\/Gesine-Westhauser-Startpunkt57.png\",\"keywords\":[\"Wettbewerb\"],\"articleSection\":[\"Gr\u00fcndung\"],\"inLanguage\":\"de\",\"potentialAction\":[{\"@type\":\"CommentAction\",\"name\":\"Comment\",\"target\":[\"https:\\\/\\\/www.existenzgruender-jungunternehmer.de\\\/p\\\/blog\\\/blog-post\\\/2016\\\/10\\\/24\\\/wir-vernetzen-gruender-und-mittelstand.html#respond\"]}]},{\"@type\":\"WebPage\",\"@id\":\"https:\\\/\\\/www.existenzgruender-jungunternehmer.de\\\/p\\\/blog\\\/blog-post\\\/2016\\\/10\\\/24\\\/wir-vernetzen-gruender-und-mittelstand.html\",\"url\":\"https:\\\/\\\/www.existenzgruender-jungunternehmer.de\\\/p\\\/blog\\\/blog-post\\\/2016\\\/10\\\/24\\\/wir-vernetzen-gruender-und-mittelstand.html\",\"name\":\"Gr\u00fcndungswettbewerb JU DO aus dem Siegerland\",\"isPartOf\":{\"@id\":\"https:\\\/\\\/www.existenzgruender-jungunternehmer.de\\\/p\\\/blog\\\/#website\"},\"primaryImageOfPage\":{\"@id\":\"https:\\\/\\\/www.existenzgruender-jungunternehmer.de\\\/p\\\/blog\\\/blog-post\\\/2016\\\/10\\\/24\\\/wir-vernetzen-gruender-und-mittelstand.html#primaryimage\"},\"image\":{\"@id\":\"https:\\\/\\\/www.existenzgruender-jungunternehmer.de\\\/p\\\/blog\\\/blog-post\\\/2016\\\/10\\\/24\\\/wir-vernetzen-gruender-und-mittelstand.html#primaryimage\"},\"thumbnailUrl\":\"https:\\\/\\\/www.existenzgruender-jungunternehmer.de\\\/p\\\/blog\\\/wp-content\\\/uploads\\\/2016\\\/10\\\/Gesine-Westhauser-Startpunkt57.png\",\"datePublished\":\"2016-10-24T08:43:53+00:00\",\"dateModified\":\"2016-10-24T08:58:56+00:00\",\"description\":\"Rund um die Stadt Siegen gibt es eine kleine, aber feine Gr\u00fcnderszene. Startpunkt57 unterst\u00fctzt die Entwicklung - und bietet einen Wettbewerb an.\",\"breadcrumb\":{\"@id\":\"https:\\\/\\\/www.existenzgruender-jungunternehmer.de\\\/p\\\/blog\\\/blog-post\\\/2016\\\/10\\\/24\\\/wir-vernetzen-gruender-und-mittelstand.html#breadcrumb\"},\"inLanguage\":\"de\",\"potentialAction\":[{\"@type\":\"ReadAction\",\"target\":[\"https:\\\/\\\/www.existenzgruender-jungunternehmer.de\\\/p\\\/blog\\\/blog-post\\\/2016\\\/10\\\/24\\\/wir-vernetzen-gruender-und-mittelstand.html\"]}]},{\"@type\":\"ImageObject\",\"inLanguage\":\"de\",\"@id\":\"https:\\\/\\\/www.existenzgruender-jungunternehmer.de\\\/p\\\/blog\\\/blog-post\\\/2016\\\/10\\\/24\\\/wir-vernetzen-gruender-und-mittelstand.html#primaryimage\",\"url\":\"https:\\\/\\\/www.existenzgruender-jungunternehmer.de\\\/p\\\/blog\\\/wp-content\\\/uploads\\\/2016\\\/10\\\/Gesine-Westhauser-Startpunkt57.png\",\"contentUrl\":\"https:\\\/\\\/www.existenzgruender-jungunternehmer.de\\\/p\\\/blog\\\/wp-content\\\/uploads\\\/2016\\\/10\\\/Gesine-Westhauser-Startpunkt57.png\",\"width\":567,\"height\":487,\"caption\":\"Gesine Westh\u00e4user von der Initiative Startpunkt57.\"},{\"@type\":\"BreadcrumbList\",\"@id\":\"https:\\\/\\\/www.existenzgruender-jungunternehmer.de\\\/p\\\/blog\\\/blog-post\\\/2016\\\/10\\\/24\\\/wir-vernetzen-gruender-und-mittelstand.html#breadcrumb\",\"itemListElement\":[{\"@type\":\"ListItem\",\"position\":1,\"name\":\"Startseite\",\"item\":\"https:\\\/\\\/www.existenzgruender-jungunternehmer.de\\\/p\\\/blog\"},{\"@type\":\"ListItem\",\"position\":2,\"name\":\"Gr\u00fcnderszene im Siegerland: \u201eWir vernetzen Gr\u00fcnder und Mittelstand\u201c\"}]},{\"@type\":\"WebSite\",\"@id\":\"https:\\\/\\\/www.existenzgruender-jungunternehmer.de\\\/p\\\/blog\\\/#website\",\"url\":\"https:\\\/\\\/www.existenzgruender-jungunternehmer.de\\\/p\\\/blog\\\/\",\"name\":\"Gr\u00fcnderblog\",\"description\":\"Aktuelles und Interviews aus der Welt der Gr\u00fcnder.\",\"publisher\":{\"@id\":\"https:\\\/\\\/www.existenzgruender-jungunternehmer.de\\\/p\\\/blog\\\/#organization\"},\"potentialAction\":[{\"@type\":\"SearchAction\",\"target\":{\"@type\":\"EntryPoint\",\"urlTemplate\":\"https:\\\/\\\/www.existenzgruender-jungunternehmer.de\\\/p\\\/blog\\\/?s={search_term_string}\"},\"query-input\":{\"@type\":\"PropertyValueSpecification\",\"valueRequired\":true,\"valueName\":\"search_term_string\"}}],\"inLanguage\":\"de\"},{\"@type\":\"Organization\",\"@id\":\"https:\\\/\\\/www.existenzgruender-jungunternehmer.de\\\/p\\\/blog\\\/#organization\",\"name\":\"Gr\u00fcnderblog\",\"url\":\"https:\\\/\\\/www.existenzgruender-jungunternehmer.de\\\/p\\\/blog\\\/\",\"logo\":{\"@type\":\"ImageObject\",\"inLanguage\":\"de\",\"@id\":\"https:\\\/\\\/www.existenzgruender-jungunternehmer.de\\\/p\\\/blog\\\/#\\\/schema\\\/logo\\\/image\\\/\",\"url\":\"https:\\\/\\\/www.existenzgruender-jungunternehmer.de\\\/p\\\/blog\\\/wp-content\\\/uploads\\\/2019\\\/01\\\/cropped-logo-1.png\",\"contentUrl\":\"https:\\\/\\\/www.existenzgruender-jungunternehmer.de\\\/p\\\/blog\\\/wp-content\\\/uploads\\\/2019\\\/01\\\/cropped-logo-1.png\",\"width\":2862,\"height\":492,\"caption\":\"Gr\u00fcnderblog\"},\"image\":{\"@id\":\"https:\\\/\\\/www.existenzgruender-jungunternehmer.de\\\/p\\\/blog\\\/#\\\/schema\\\/logo\\\/image\\\/\"},\"sameAs\":[\"https:\\\/\\\/www.facebook.com\\\/existenzgruenderjungunternehmer\"]},{\"@type\":\"Person\",\"@id\":\"https:\\\/\\\/www.existenzgruender-jungunternehmer.de\\\/p\\\/blog\\\/#\\\/schema\\\/person\\\/4339267e5185a6c17b6f59050a75db9e\",\"name\":\"Benjamin O'Daniel\",\"image\":{\"@type\":\"ImageObject\",\"inLanguage\":\"de\",\"@id\":\"https:\\\/\\\/secure.gravatar.com\\\/avatar\\\/26c2eec8db35680bd20c78d81994ad6509490a3d330568b2cca67b0f7ce2463a?s=96&d=mm&r=g\",\"url\":\"https:\\\/\\\/secure.gravatar.com\\\/avatar\\\/26c2eec8db35680bd20c78d81994ad6509490a3d330568b2cca67b0f7ce2463a?s=96&d=mm&r=g\",\"contentUrl\":\"https:\\\/\\\/secure.gravatar.com\\\/avatar\\\/26c2eec8db35680bd20c78d81994ad6509490a3d330568b2cca67b0f7ce2463a?s=96&d=mm&r=g\",\"caption\":\"Benjamin O'Daniel\"},\"description\":\"Benjamin O\u2019Daniel ist Redaktionsleiter von Existenzgr\u00fcnder &amp; Jungunternehmer. Sie haben ein Thema, das Sie interessiert? Dann schreiben Sie uns eine Mail.\",\"sameAs\":[\"http:\\\/\\\/www.existenzgruender-jungunternehmer.de\",\"https:\\\/\\\/www.facebook.com\\\/existenzgruenderjungunternehmer\"]}]}<\/script>\n<!-- \/ Yoast SEO plugin. -->","yoast_head_json":{"title":"Gr\u00fcndungswettbewerb JU DO aus dem Siegerland","description":"Rund um die Stadt Siegen gibt es eine kleine, aber feine Gr\u00fcnderszene. Startpunkt57 unterst\u00fctzt die Entwicklung - und bietet einen Wettbewerb an.","robots":{"index":"index","follow":"follow","max-snippet":"max-snippet:-1","max-image-preview":"max-image-preview:large","max-video-preview":"max-video-preview:-1"},"canonical":"https:\/\/www.existenzgruender-jungunternehmer.de\/p\/blog\/blog-post\/2016\/10\/24\/wir-vernetzen-gruender-und-mittelstand.html","og_locale":"de_DE","og_type":"article","og_title":"Gr\u00fcndungswettbewerb JU DO aus dem Siegerland","og_description":"Rund um die Stadt Siegen gibt es eine kleine, aber feine Gr\u00fcnderszene. Startpunkt57 unterst\u00fctzt die Entwicklung - und bietet einen Wettbewerb an.","og_url":"https:\/\/www.existenzgruender-jungunternehmer.de\/p\/blog\/blog-post\/2016\/10\/24\/wir-vernetzen-gruender-und-mittelstand.html","og_site_name":"Gr\u00fcnderblog","article_publisher":"https:\/\/www.facebook.com\/existenzgruenderjungunternehmer","article_author":"https:\/\/www.facebook.com\/existenzgruenderjungunternehmer","article_published_time":"2016-10-24T08:43:53+00:00","article_modified_time":"2016-10-24T08:58:56+00:00","og_image":[{"width":567,"height":487,"url":"https:\/\/www.existenzgruender-jungunternehmer.de\/p\/blog\/wp-content\/uploads\/2016\/10\/Gesine-Westhauser-Startpunkt57.png","type":"image\/png"}],"author":"Benjamin O'Daniel","twitter_misc":{"Verfasst von":"Benjamin O'Daniel","Gesch\u00e4tzte Lesezeit":"3\u00a0Minuten"},"schema":{"@context":"https:\/\/schema.org","@graph":[{"@type":"Article","@id":"https:\/\/www.existenzgruender-jungunternehmer.de\/p\/blog\/blog-post\/2016\/10\/24\/wir-vernetzen-gruender-und-mittelstand.html#article","isPartOf":{"@id":"https:\/\/www.existenzgruender-jungunternehmer.de\/p\/blog\/blog-post\/2016\/10\/24\/wir-vernetzen-gruender-und-mittelstand.html"},"author":{"name":"Benjamin O'Daniel","@id":"https:\/\/www.existenzgruender-jungunternehmer.de\/p\/blog\/#\/schema\/person\/4339267e5185a6c17b6f59050a75db9e"},"headline":"Gr\u00fcnderszene im Siegerland: \u201eWir vernetzen Gr\u00fcnder und Mittelstand\u201c","datePublished":"2016-10-24T08:43:53+00:00","dateModified":"2016-10-24T08:58:56+00:00","mainEntityOfPage":{"@id":"https:\/\/www.existenzgruender-jungunternehmer.de\/p\/blog\/blog-post\/2016\/10\/24\/wir-vernetzen-gruender-und-mittelstand.html"},"wordCount":556,"commentCount":0,"publisher":{"@id":"https:\/\/www.existenzgruender-jungunternehmer.de\/p\/blog\/#organization"},"image":{"@id":"https:\/\/www.existenzgruender-jungunternehmer.de\/p\/blog\/blog-post\/2016\/10\/24\/wir-vernetzen-gruender-und-mittelstand.html#primaryimage"},"thumbnailUrl":"https:\/\/www.existenzgruender-jungunternehmer.de\/p\/blog\/wp-content\/uploads\/2016\/10\/Gesine-Westhauser-Startpunkt57.png","keywords":["Wettbewerb"],"articleSection":["Gr\u00fcndung"],"inLanguage":"de","potentialAction":[{"@type":"CommentAction","name":"Comment","target":["https:\/\/www.existenzgruender-jungunternehmer.de\/p\/blog\/blog-post\/2016\/10\/24\/wir-vernetzen-gruender-und-mittelstand.html#respond"]}]},{"@type":"WebPage","@id":"https:\/\/www.existenzgruender-jungunternehmer.de\/p\/blog\/blog-post\/2016\/10\/24\/wir-vernetzen-gruender-und-mittelstand.html","url":"https:\/\/www.existenzgruender-jungunternehmer.de\/p\/blog\/blog-post\/2016\/10\/24\/wir-vernetzen-gruender-und-mittelstand.html","name":"Gr\u00fcndungswettbewerb JU DO aus dem Siegerland","isPartOf":{"@id":"https:\/\/www.existenzgruender-jungunternehmer.de\/p\/blog\/#website"},"primaryImageOfPage":{"@id":"https:\/\/www.existenzgruender-jungunternehmer.de\/p\/blog\/blog-post\/2016\/10\/24\/wir-vernetzen-gruender-und-mittelstand.html#primaryimage"},"image":{"@id":"https:\/\/www.existenzgruender-jungunternehmer.de\/p\/blog\/blog-post\/2016\/10\/24\/wir-vernetzen-gruender-und-mittelstand.html#primaryimage"},"thumbnailUrl":"https:\/\/www.existenzgruender-jungunternehmer.de\/p\/blog\/wp-content\/uploads\/2016\/10\/Gesine-Westhauser-Startpunkt57.png","datePublished":"2016-10-24T08:43:53+00:00","dateModified":"2016-10-24T08:58:56+00:00","description":"Rund um die Stadt Siegen gibt es eine kleine, aber feine Gr\u00fcnderszene. Startpunkt57 unterst\u00fctzt die Entwicklung - und bietet einen Wettbewerb an.","breadcrumb":{"@id":"https:\/\/www.existenzgruender-jungunternehmer.de\/p\/blog\/blog-post\/2016\/10\/24\/wir-vernetzen-gruender-und-mittelstand.html#breadcrumb"},"inLanguage":"de","potentialAction":[{"@type":"ReadAction","target":["https:\/\/www.existenzgruender-jungunternehmer.de\/p\/blog\/blog-post\/2016\/10\/24\/wir-vernetzen-gruender-und-mittelstand.html"]}]},{"@type":"ImageObject","inLanguage":"de","@id":"https:\/\/www.existenzgruender-jungunternehmer.de\/p\/blog\/blog-post\/2016\/10\/24\/wir-vernetzen-gruender-und-mittelstand.html#primaryimage","url":"https:\/\/www.existenzgruender-jungunternehmer.de\/p\/blog\/wp-content\/uploads\/2016\/10\/Gesine-Westhauser-Startpunkt57.png","contentUrl":"https:\/\/www.existenzgruender-jungunternehmer.de\/p\/blog\/wp-content\/uploads\/2016\/10\/Gesine-Westhauser-Startpunkt57.png","width":567,"height":487,"caption":"Gesine Westh\u00e4user von der Initiative Startpunkt57."},{"@type":"BreadcrumbList","@id":"https:\/\/www.existenzgruender-jungunternehmer.de\/p\/blog\/blog-post\/2016\/10\/24\/wir-vernetzen-gruender-und-mittelstand.html#breadcrumb","itemListElement":[{"@type":"ListItem","position":1,"name":"Startseite","item":"https:\/\/www.existenzgruender-jungunternehmer.de\/p\/blog"},{"@type":"ListItem","position":2,"name":"Gr\u00fcnderszene im Siegerland: \u201eWir vernetzen Gr\u00fcnder und Mittelstand\u201c"}]},{"@type":"WebSite","@id":"https:\/\/www.existenzgruender-jungunternehmer.de\/p\/blog\/#website","url":"https:\/\/www.existenzgruender-jungunternehmer.de\/p\/blog\/","name":"Gr\u00fcnderblog","description":"Aktuelles und Interviews aus der Welt der Gr\u00fcnder.","publisher":{"@id":"https:\/\/www.existenzgruender-jungunternehmer.de\/p\/blog\/#organization"},"potentialAction":[{"@type":"SearchAction","target":{"@type":"EntryPoint","urlTemplate":"https:\/\/www.existenzgruender-jungunternehmer.de\/p\/blog\/?s={search_term_string}"},"query-input":{"@type":"PropertyValueSpecification","valueRequired":true,"valueName":"search_term_string"}}],"inLanguage":"de"},{"@type":"Organization","@id":"https:\/\/www.existenzgruender-jungunternehmer.de\/p\/blog\/#organization","name":"Gr\u00fcnderblog","url":"https:\/\/www.existenzgruender-jungunternehmer.de\/p\/blog\/","logo":{"@type":"ImageObject","inLanguage":"de","@id":"https:\/\/www.existenzgruender-jungunternehmer.de\/p\/blog\/#\/schema\/logo\/image\/","url":"https:\/\/www.existenzgruender-jungunternehmer.de\/p\/blog\/wp-content\/uploads\/2019\/01\/cropped-logo-1.png","contentUrl":"https:\/\/www.existenzgruender-jungunternehmer.de\/p\/blog\/wp-content\/uploads\/2019\/01\/cropped-logo-1.png","width":2862,"height":492,"caption":"Gr\u00fcnderblog"},"image":{"@id":"https:\/\/www.existenzgruender-jungunternehmer.de\/p\/blog\/#\/schema\/logo\/image\/"},"sameAs":["https:\/\/www.facebook.com\/existenzgruenderjungunternehmer"]},{"@type":"Person","@id":"https:\/\/www.existenzgruender-jungunternehmer.de\/p\/blog\/#\/schema\/person\/4339267e5185a6c17b6f59050a75db9e","name":"Benjamin O'Daniel","image":{"@type":"ImageObject","inLanguage":"de","@id":"https:\/\/secure.gravatar.com\/avatar\/26c2eec8db35680bd20c78d81994ad6509490a3d330568b2cca67b0f7ce2463a?s=96&d=mm&r=g","url":"https:\/\/secure.gravatar.com\/avatar\/26c2eec8db35680bd20c78d81994ad6509490a3d330568b2cca67b0f7ce2463a?s=96&d=mm&r=g","contentUrl":"https:\/\/secure.gravatar.com\/avatar\/26c2eec8db35680bd20c78d81994ad6509490a3d330568b2cca67b0f7ce2463a?s=96&d=mm&r=g","caption":"Benjamin O'Daniel"},"description":"Benjamin O\u2019Daniel ist Redaktionsleiter von Existenzgr\u00fcnder &amp; Jungunternehmer. Sie haben ein Thema, das Sie interessiert? Dann schreiben Sie uns eine Mail.","sameAs":["http:\/\/www.existenzgruender-jungunternehmer.de","https:\/\/www.facebook.com\/existenzgruenderjungunternehmer"]}]}},"_links":{"self":[{"href":"https:\/\/www.existenzgruender-jungunternehmer.de\/p\/blog\/wp-json\/wp\/v2\/posts\/769","targetHints":{"allow":["GET"]}}],"collection":[{"href":"https:\/\/www.existenzgruender-jungunternehmer.de\/p\/blog\/wp-json\/wp\/v2\/posts"}],"about":[{"href":"https:\/\/www.existenzgruender-jungunternehmer.de\/p\/blog\/wp-json\/wp\/v2\/types\/post"}],"author":[{"embeddable":true,"href":"https:\/\/www.existenzgruender-jungunternehmer.de\/p\/blog\/wp-json\/wp\/v2\/users\/2"}],"replies":[{"embeddable":true,"href":"https:\/\/www.existenzgruender-jungunternehmer.de\/p\/blog\/wp-json\/wp\/v2\/comments?post=769"}],"version-history":[{"count":4,"href":"https:\/\/www.existenzgruender-jungunternehmer.de\/p\/blog\/wp-json\/wp\/v2\/posts\/769\/revisions"}],"predecessor-version":[{"id":774,"href":"https:\/\/www.existenzgruender-jungunternehmer.de\/p\/blog\/wp-json\/wp\/v2\/posts\/769\/revisions\/774"}],"wp:featuredmedia":[{"embeddable":true,"href":"https:\/\/www.existenzgruender-jungunternehmer.de\/p\/blog\/wp-json\/wp\/v2\/media\/770"}],"wp:attachment":[{"href":"https:\/\/www.existenzgruender-jungunternehmer.de\/p\/blog\/wp-json\/wp\/v2\/media?parent=769"}],"wp:term":[{"taxonomy":"category","embeddable":true,"href":"https:\/\/www.existenzgruender-jungunternehmer.de\/p\/blog\/wp-json\/wp\/v2\/categories?post=769"},{"taxonomy":"post_tag","embeddable":true,"href":"https:\/\/www.existenzgruender-jungunternehmer.de\/p\/blog\/wp-json\/wp\/v2\/tags?post=769"}],"curies":[{"name":"wp","href":"https:\/\/api.w.org\/{rel}","templated":true}]}}